{"id":289282,"date":"2023-10-03T18:04:40","date_gmt":"2023-10-03T15:04:40","guid":{"rendered":"http:\/\/sana.sy\/tr\/?p=289282"},"modified":"2023-10-04T08:51:24","modified_gmt":"2023-10-04T05:51:24","slug":"rus-turist-grubu-busra-el-san-antik-kentini-ziyaret-etti","status":"publish","type":"post","link":"https:\/\/archive.sana.sy\/tr\/?p=289282","title":{"rendered":"Rus Turist Grubu Busra El \u015eam Antik Kentini Ziyaret Etti"},"content":{"rendered":"<p style=\"text-align: justify;\"><strong>DERA 03 EK\u0130M (SANA)<\/strong> &#8211; Bug\u00fcn Rusya Federasyonu&#8217;ndan gelen bir turist grubu, arkeolojik ve k\u00fclt\u00fcrel eserleri g\u00f6rmek amac\u0131yla Dera&#8217;daki Busra\u00a0 El \u015eam antik kentini ziyaret etti.<\/p>\n<p style=\"text-align: justify;\"><img loading=\"lazy\" decoding=\"async\" class=\"size-full wp-image-289284 alignright\" src=\"http:\/\/sana.sy\/tr\/wp-content\/uploads\/2023\/10\/10-copy-300x193-1.jpg\" alt=\"\" width=\"300\" height=\"193\" \/>Sanat tarih\u00e7isi Galina Sokharavia, SANA muhabirine yapt\u0131\u011f\u0131 a\u00e7\u0131klamada, Suriye&#8217;nin tarihi simge yap\u0131lar\u0131n\u0131 ve k\u00fclt\u00fcrel hazinelerini kapsayan tur kapsam\u0131nda bu arkeolojik kenti ziyaret etmekten duydu\u011fu mutlulu\u011fu dile getirdi.<\/p>\n<p style=\"text-align: justify;\">\u0130\u015f adam\u0131 Andrei Burkin, Bosra Antik Kenti&#8217;ndeki amfitiyatronun \u00e7a\u011flar boyunca bu b\u00f6lgeye egemen olan tarihi uygarl\u0131klar\u0131n sanatsal de\u011ferini yans\u0131tt\u0131\u011f\u0131n\u0131 vurgulad\u0131.<\/p>\n<p style=\"text-align: justify;\">Mimar Elena Pulkova ise, Bosra kal\u0131nt\u0131lar\u0131n\u0131n Do\u011fu&#8217;ya a\u00e7\u0131lan kap\u0131 ve medeniyetlerin be\u015fi\u011fi oldu\u011funu kaydetti.<\/p>\n<p style=\"text-align: justify;\">Kendi y\u00f6n\u00fcnden M\u00fchendis Olga Manova, Suriye&#8217;nin normal hayata d\u00f6nmesini, krizden \u00e7\u0131kmas\u0131n\u0131 ve do\u011fal konumuna d\u00f6nmesini dilerken, Suriye ve Rusya halklar\u0131n\u0131 bir araya getiren kar\u015f\u0131l\u0131kl\u0131 sayg\u0131 ve samimi ba\u011flara dayanan Suriye-Rusya ili\u015fkilerine dikkat \u00e7ekti.<\/p>\n<p style=\"text-align: justify;\">E\u015flik eden rehber Numan Falluh, turist heyetlerinin say\u0131s\u0131n\u0131n artmas\u0131n\u0131n iyile\u015fme ve normal hayata d\u00f6n\u00fc\u015f\u00fcn kan\u0131t\u0131 oldu\u011funu d\u00fc\u015f\u00fcnerek heyetin Bosra&#8217;daki arkeolojik alanlar\u0131 ziyaret etmekten memnun ve mutlu oldu\u011funu belirtti.<\/p>\n<p style=\"text-align: justify;\">Dera Turizm M\u00fcd\u00fcr\u00fc Yas\u0131r El Saadi, turist heyetlerinin ziyaretlerini en iyi \u015fekilde ba\u015far\u0131ya ula\u015ft\u0131rmak i\u00e7in t\u00fcm olanaklar\u0131n sa\u011flanmas\u0131 amac\u0131yla ilgili makamlarla ortak \u00e7aba ve i\u015fbirli\u011finin gereklili\u011fini vurgulad\u0131.<\/p>\n<div id='gallery-1' class='gallery galleryid-289282 gallery-columns-2 gallery-size-medium'><figure class='gallery-item'>\n\t\t\t<div class='gallery-icon landscape'>\n\t\t\t\t<a href='https:\/\/archive.sana.sy\/tr\/?attachment_id=289285'><img loading=\"lazy\" decoding=\"async\" width=\"300\" height=\"198\" src=\"https:\/\/archive.sana.sy\/tr\/wp-content\/uploads\/2023\/10\/1-300x198.jpg\" class=\"attachment-medium size-medium\" alt=\"\" srcset=\"https:\/\/archive.sana.sy\/tr\/wp-content\/uploads\/2023\/10\/1-300x198.jpg 300w, https:\/\/archive.sana.sy\/tr\/wp-content\/uploads\/2023\/10\/1-310x205.jpg 310w, https:\/\/archive.sana.sy\/tr\/wp-content\/uploads\/2023\/10\/1.jpg 660w\" sizes=\"auto, (max-width: 300px) 100vw, 300px\" \/><\/a>\n\t\t\t<\/div><\/figure><figure class='gallery-item'>\n\t\t\t<div class='gallery-icon landscape'>\n\t\t\t\t<a href='https:\/\/archive.sana.sy\/tr\/?attachment_id=289286'><img loading=\"lazy\" decoding=\"async\" width=\"300\" height=\"189\" src=\"https:\/\/archive.sana.sy\/tr\/wp-content\/uploads\/2023\/10\/2-300x189.jpg\" class=\"attachment-medium size-medium\" alt=\"\" srcset=\"https:\/\/archive.sana.sy\/tr\/wp-content\/uploads\/2023\/10\/2-300x189.jpg 300w, https:\/\/archive.sana.sy\/tr\/wp-content\/uploads\/2023\/10\/2.jpg 660w\" sizes=\"auto, (max-width: 300px) 100vw, 300px\" \/><\/a>\n\t\t\t<\/div><\/figure><figure class='gallery-item'>\n\t\t\t<div class='gallery-icon landscape'>\n\t\t\t\t<a href='https:\/\/archive.sana.sy\/tr\/?attachment_id=289287'><img loading=\"lazy\" decoding=\"async\" width=\"300\" height=\"195\" src=\"https:\/\/archive.sana.sy\/tr\/wp-content\/uploads\/2023\/10\/23-copy-300x195.jpg\" class=\"attachment-medium size-medium\" alt=\"\" srcset=\"https:\/\/archive.sana.sy\/tr\/wp-content\/uploads\/2023\/10\/23-copy-300x195.jpg 300w, https:\/\/archive.sana.sy\/tr\/wp-content\/uploads\/2023\/10\/23-copy.jpg 660w\" sizes=\"auto, (max-width: 300px) 100vw, 300px\" \/><\/a>\n\t\t\t<\/div><\/figure><figure class='gallery-item'>\n\t\t\t<div class='gallery-icon landscape'>\n\t\t\t\t<a href='https:\/\/archive.sana.sy\/tr\/?attachment_id=289288'><img loading=\"lazy\" decoding=\"async\" width=\"300\" height=\"214\" src=\"https:\/\/archive.sana.sy\/tr\/wp-content\/uploads\/2023\/10\/26-copy-300x214.jpg\" class=\"attachment-medium size-medium\" alt=\"\" srcset=\"https:\/\/archive.sana.sy\/tr\/wp-content\/uploads\/2023\/10\/26-copy-300x214.jpg 300w, https:\/\/archive.sana.sy\/tr\/wp-content\/uploads\/2023\/10\/26-copy.jpg 660w\" sizes=\"auto, (max-width: 300px) 100vw, 300px\" \/><\/a>\n\t\t\t<\/div><\/figure>\n\t\t<\/div>\n\n<p style=\"text-align: justify;\"><a href=\"https:\/\/t.me\/SuriyeArapHaberAjansI\">Telegram Kanal\u0131m\u0131z\u00a0<\/a><\/p>\n<p style=\"text-align: justify;\"><a href=\"https:\/\/www.facebook.com\/SANAHaberAjansi\/\">Facebook Sayfam\u0131z<\/a><\/p>\n<p style=\"text-align: justify;\"><a href=\"https:\/\/twitter.com\/arap_ajans\">Twitter Hesab\u0131m\u0131z<\/a><\/p>\n","protected":false},"excerpt":{"rendered":"<p>DERA 03 EK\u0130M (SANA) &#8211; Bug\u00fcn Rusya Federasyonu&#8217;ndan gelen bir turist grubu, arkeolojik ve k\u00fclt\u00fcrel eserleri g\u00f6rmek amac\u0131yla Dera&#8217;daki Busra\u00a0 El \u015eam antik kentini ziyaret etti. Sanat tarih\u00e7isi Galina Sokharavia, SANA muhabirine yapt\u0131\u011f\u0131 a\u00e7\u0131klamada, Suriye&#8217;nin tarihi simge yap\u0131lar\u0131n\u0131 ve k\u00fclt\u00fcrel hazinelerini kapsayan tur kapsam\u0131nda bu arkeolojik kenti ziyaret etmekten duydu\u011fu mutlulu\u011fu dile getirdi. \u0130\u015f adam\u0131 &hellip;<\/p>\n","protected":false},"author":41,"featured_media":289283,"comment_status":"closed","ping_status":"closed","sticky":false,"template":"","format":"standard","meta":{"footnotes":""},"categories":[479,17988,2553,478],"tags":[39966],"class_list":["post-289282","post","type-post","status-publish","format-standard","has-post-thumbnail","","category-haberler-yerel","category-son-haberler","category-turizm","category-yerel","tag-rus-turist-grubu-busra-el-san-antik-kentini-ziyaret-etti"],"_links":{"self":[{"href":"https:\/\/archive.sana.sy\/tr\/index.php?rest_route=\/wp\/v2\/posts\/289282","targetHints":{"allow":["GET"]}}],"collection":[{"href":"https:\/\/archive.sana.sy\/tr\/index.php?rest_route=\/wp\/v2\/posts"}],"about":[{"href":"https:\/\/archive.sana.sy\/tr\/index.php?rest_route=\/wp\/v2\/types\/post"}],"author":[{"embeddable":true,"href":"https:\/\/archive.sana.sy\/tr\/index.php?rest_route=\/wp\/v2\/users\/41"}],"replies":[{"embeddable":true,"href":"https:\/\/archive.sana.sy\/tr\/index.php?rest_route=%2Fwp%2Fv2%2Fcomments&post=289282"}],"version-history":[{"count":3,"href":"https:\/\/archive.sana.sy\/tr\/index.php?rest_route=\/wp\/v2\/posts\/289282\/revisions"}],"predecessor-version":[{"id":289295,"href":"https:\/\/archive.sana.sy\/tr\/index.php?rest_route=\/wp\/v2\/posts\/289282\/revisions\/289295"}],"wp:featuredmedia":[{"embeddable":true,"href":"https:\/\/archive.sana.sy\/tr\/index.php?rest_route=\/wp\/v2\/media\/289283"}],"wp:attachment":[{"href":"https:\/\/archive.sana.sy\/tr\/index.php?rest_route=%2Fwp%2Fv2%2Fmedia&parent=289282"}],"wp:term":[{"taxonomy":"category","embeddable":true,"href":"https:\/\/archive.sana.sy\/tr\/index.php?rest_route=%2Fwp%2Fv2%2Fcategories&post=289282"},{"taxonomy":"post_tag","embeddable":true,"href":"https:\/\/archive.sana.sy\/tr\/index.php?rest_route=%2Fwp%2Fv2%2Ftags&post=289282"}],"curies":[{"name":"wp","href":"https:\/\/api.w.org\/{rel}","templated":true}]}}