{"id":289291,"date":"2023-10-03T18:34:29","date_gmt":"2023-10-03T15:34:29","guid":{"rendered":"http:\/\/sana.sy\/tr\/?p=289291"},"modified":"2023-10-05T08:13:56","modified_gmt":"2023-10-05T05:13:56","slug":"rusya-savunmasi-yaklasik-700-ukraynali-asker-olduruldu-ve-yaralandi-58-iha-dusuruldu","status":"publish","type":"post","link":"https:\/\/archive.sana.sy\/tr\/?p=289291","title":{"rendered":"Rusya Savunmas\u0131: Yakla\u015f\u0131k 700 Ukraynal\u0131 Asker \u00d6ld\u00fcr\u00fcld\u00fc ve Yaraland\u0131, 58 \u0130HA D\u00fc\u015f\u00fcr\u00fcld\u00fc"},"content":{"rendered":"<p style=\"text-align: justify;\"><strong>MOSKOVA 03 EYL\u00dcL (SANA)<\/strong> \u2013 Rusya Savunma Bakanl\u0131\u011f\u0131, yakla\u015f\u0131k 700 Ukrayna ordusu askerinin \u00f6ld\u00fcr\u00fcld\u00fc\u011f\u00fcn\u00fc ve yaraland\u0131\u011f\u0131n\u0131, 58 insans\u0131z hava arac\u0131n\u0131n d\u00fc\u015f\u00fcr\u00fcld\u00fc\u011f\u00fcn\u00fc, onlarca askeri ara\u00e7 ve te\u00e7hizat\u0131n imha edildi\u011fini duyurdu.<\/p>\n<p style=\"text-align: justify;\"><span style=\"color: #0000ff;\">Bakanl\u0131\u011f\u0131n \u00f6zel harekata ili\u015fkin g\u00fcnl\u00fck raporuna g\u00f6re:<\/span><\/p>\n<ul style=\"text-align: justify;\">\n<li>Ge\u00e7ti\u011fimiz g\u00fcn Kiev g\u00fc\u00e7lerinin Krasno-Limansk ekseninde d\u00fczenledi\u011fi 3 sald\u0131r\u0131 p\u00fcsk\u00fcrt\u00fcld\u00fc ve 65 Ukrayna askeri etkisiz hale getirildi.<\/li>\n<li>Kubyansk ekseninde en az 60 Ukraynal\u0131 asker imha edildi, iki tank imha edildi.<\/li>\n<li>Kiev g\u00fc\u00e7lerinin Donetsk y\u00f6n\u00fcnde d\u00fczenledi\u011fi 3 sald\u0131r\u0131 da engellendi, yakla\u015f\u0131k 280 asker \u00f6ld\u00fc ve yaraland\u0131, askeri ara\u00e7 ve te\u00e7hizat imha edildi, 58 \u0130HA d\u00fc\u015f\u00fcr\u00fcld\u00fc.<\/li>\n<li>G\u00fcney Donetsk y\u00f6n\u00fcnde Ukrayna kuvvetleri 120&#8217;den fazla askerini kaybetti, 6 ara\u00e7 imha edildi.<\/li>\n<li>Zaporozhye ekseninde 90 Ukraynal\u0131 asker imha edilirken, Harkov Eyaleti&#8217;nin Kubyansk b\u00f6lgesindeki 41&#8217;inci Mekanize Tugay&#8217;a ait iki asker ta\u015f\u0131y\u0131c\u0131, ob\u00fcs ve bir silah deposu imha edildi.<\/li>\n<\/ul>\n<p style=\"text-align: justify;\"><a href=\"https:\/\/t.me\/SuriyeArapHaberAjansI\">Telegram Kanal\u0131m\u0131z\u00a0<\/a><\/p>\n<p style=\"text-align: justify;\"><a href=\"https:\/\/www.facebook.com\/SANAHaberAjansi\/\">Facebook Sayfam\u0131z<\/a><\/p>\n<p style=\"text-align: justify;\"><a href=\"https:\/\/twitter.com\/arap_ajans\">Twitter Hesab\u0131m\u0131z<\/a><\/p>\n","protected":false},"excerpt":{"rendered":"<p>MOSKOVA 03 EYL\u00dcL (SANA) \u2013 Rusya Savunma Bakanl\u0131\u011f\u0131, yakla\u015f\u0131k 700 Ukrayna ordusu askerinin \u00f6ld\u00fcr\u00fcld\u00fc\u011f\u00fcn\u00fc ve yaraland\u0131\u011f\u0131n\u0131, 58 insans\u0131z hava arac\u0131n\u0131n d\u00fc\u015f\u00fcr\u00fcld\u00fc\u011f\u00fcn\u00fc, onlarca askeri ara\u00e7 ve te\u00e7hizat\u0131n imha edildi\u011fini duyurdu. Bakanl\u0131\u011f\u0131n \u00f6zel harekata ili\u015fkin g\u00fcnl\u00fck raporuna g\u00f6re: Ge\u00e7ti\u011fimiz g\u00fcn Kiev g\u00fc\u00e7lerinin Krasno-Limansk ekseninde d\u00fczenledi\u011fi 3 sald\u0131r\u0131 p\u00fcsk\u00fcrt\u00fcld\u00fc ve 65 Ukrayna askeri etkisiz hale getirildi. Kubyansk ekseninde &hellip;<\/p>\n","protected":false},"author":41,"featured_media":289292,"comment_status":"closed","ping_status":"closed","sticky":false,"template":"","format":"standard","meta":{"footnotes":""},"categories":[458,459,17988],"tags":[39968,39967],"class_list":["post-289291","post","type-post","status-publish","format-standard","has-post-thumbnail","","category-dunya1","category-haberler-arap-uluslararasi-politika","category-son-haberler","tag-58-iha-dusuruldu","tag-rusya-savunmasi-yaklasik-700-ukraynali-asker-olduruldu-ve-yaralandi"],"_links":{"self":[{"href":"https:\/\/archive.sana.sy\/tr\/index.php?rest_route=\/wp\/v2\/posts\/289291","targetHints":{"allow":["GET"]}}],"collection":[{"href":"https:\/\/archive.sana.sy\/tr\/index.php?rest_route=\/wp\/v2\/posts"}],"about":[{"href":"https:\/\/archive.sana.sy\/tr\/index.php?rest_route=\/wp\/v2\/types\/post"}],"author":[{"embeddable":true,"href":"https:\/\/archive.sana.sy\/tr\/index.php?rest_route=\/wp\/v2\/users\/41"}],"replies":[{"embeddable":true,"href":"https:\/\/archive.sana.sy\/tr\/index.php?rest_route=%2Fwp%2Fv2%2Fcomments&post=289291"}],"version-history":[{"count":2,"href":"https:\/\/archive.sana.sy\/tr\/index.php?rest_route=\/wp\/v2\/posts\/289291\/revisions"}],"predecessor-version":[{"id":289294,"href":"https:\/\/archive.sana.sy\/tr\/index.php?rest_route=\/wp\/v2\/posts\/289291\/revisions\/289294"}],"wp:featuredmedia":[{"embeddable":true,"href":"https:\/\/archive.sana.sy\/tr\/index.php?rest_route=\/wp\/v2\/media\/289292"}],"wp:attachment":[{"href":"https:\/\/archive.sana.sy\/tr\/index.php?rest_route=%2Fwp%2Fv2%2Fmedia&parent=289291"}],"wp:term":[{"taxonomy":"category","embeddable":true,"href":"https:\/\/archive.sana.sy\/tr\/index.php?rest_route=%2Fwp%2Fv2%2Fcategories&post=289291"},{"taxonomy":"post_tag","embeddable":true,"href":"https:\/\/archive.sana.sy\/tr\/index.php?rest_route=%2Fwp%2Fv2%2Ftags&post=289291"}],"curies":[{"name":"wp","href":"https:\/\/api.w.org\/{rel}","templated":true}]}}