{"id":289298,"date":"2023-10-03T22:20:57","date_gmt":"2023-10-03T19:20:57","guid":{"rendered":"http:\/\/sana.sy\/tr\/?p=289298"},"modified":"2023-10-06T08:46:51","modified_gmt":"2023-10-06T05:46:51","slug":"savunma-bakanligi-silahli-kuvvetlerimiz-idlib-kirsalindaki-teror-karargahlarini-hedef-aldi-ve-halepin-kuzey-kirsalindaki-iki-ihayi-dusurdu-video","status":"publish","type":"post","link":"https:\/\/archive.sana.sy\/tr\/?p=289298","title":{"rendered":"Savunma Bakanl\u0131\u011f\u0131&#8230;Silahl\u0131 Kuvvetlerimiz \u0130dlib K\u0131rsal\u0131ndaki Ter\u00f6r Karargahlar\u0131n\u0131 Hedef ald\u0131 Ve Halep&#8217;in Kuzey K\u0131rsal\u0131ndaki \u0130ki \u0130HA&#8217;y\u0131 D\u00fc\u015f\u00fcrd\u00fc \u2013 Video"},"content":{"rendered":"<p style=\"text-align: justify;\"><strong>\u015eAM 03 EK\u0130M (SANA)<\/strong> &#8211; Silahl\u0131 kuvvetlerimize ba\u011fl\u0131 birimlerimiz, \u0130dlib k\u0131rsal\u0131ndaki ter\u00f6r karargahlar\u0131 ve mevzileri hedef alarak bir k\u0131sm\u0131n\u0131 imha etti ve \u00a0Halep&#8217;in kuzey k\u0131rsal\u0131nda 2 \u0130HA&#8217;y\u0131 d\u00fc\u015f\u00fcrd\u00fc.<\/p>\n<p style=\"text-align: justify;\">Suriye Savunma Bakanl\u0131\u011f\u0131 resmi Facebook sayfas\u0131nda yapt\u0131\u011f\u0131 a\u00e7\u0131klamada, &#8221;Silahl\u0131 ter\u00f6r gruplar\u0131n\u0131n hareketlerini p\u00fcsk\u00fcrtmek ve Hama ve \u0130dlib k\u0131rsal\u0131ndaki g\u00fcvenli k\u00f6y ve kasabalar ile Suriye Arap Ordusu noktalar\u0131na y\u00f6nelik tekrarlanan sald\u0131r\u0131lar\u0131na kar\u015f\u0131l\u0131k vermek amac\u0131yla y\u00fcr\u00fct\u00fclen operasyonlar kapsam\u0131nda, silahl\u0131 kuvvetlerimizin bu do\u011frultuda faaliyet g\u00f6steren birimleri, ter\u00f6r karargahlar\u0131na, istihk\u00e2mlara ve top\u00e7u mevzilerine yo\u011fun sald\u0131r\u0131lar ger\u00e7ekle\u015ftirdi. Bu da karargah ve istihkamlar\u0131n y\u0131k\u0131lmas\u0131na, ayr\u0131ca \u00e7ok say\u0131da havan topu imhas\u0131na ve Ensar el-Tevhid ter\u00f6r \u00f6rg\u00fct\u00fcne mensup \u00e7ok say\u0131da ter\u00f6ristin \u00f6ld\u00fcr\u00fclmesine ve yaralanmas\u0131na yol a\u00e7t\u0131. \u00d6ld\u00fcr\u00fclen ter\u00f6ristler aras\u0131nda ter\u00f6rist Misbah Osman ve ter\u00f6rist M\u00fcfid Battu\u015f da vard\u0131&#8221; ifadelerini kulland\u0131.<\/p>\n<p style=\"text-align: justify;\">Bakanl\u0131k a\u00e7\u0131klamas\u0131nda da, Halep&#8217;in kuzey k\u0131rsal\u0131nda ter\u00f6r \u00f6rg\u00fctlerine ait iki \u0130HA&#8217;n\u0131n, s\u00f6z konusu b\u00f6lgedeki g\u00fc\u00e7lerimizin mevzilerini hedef almaya \u00e7al\u0131\u015ft\u0131\u011f\u0131n\u0131, imha edilerek d\u00fc\u015f\u00fcr\u00fcld\u00fc\u011f\u00fcn\u00fc belirtti.<\/p>\n<p style=\"text-align: justify;\"><a href=\"https:\/\/t.me\/SuriyeArapHaberAjansI\">Telegram Kanal\u0131m\u0131z\u00a0<\/a><\/p>\n<p style=\"text-align: justify;\"><a href=\"https:\/\/www.facebook.com\/SANAHaberAjansi\/\">Facebook Sayfam\u0131z<\/a><\/p>\n<p style=\"text-align: justify;\"><a href=\"https:\/\/twitter.com\/arap_ajans\">Twitter Hesab\u0131m\u0131z<\/a><\/p>\n<div id='gallery-1' class='gallery galleryid-289298 gallery-columns-3 gallery-size-full'><figure class='gallery-item'>\n\t\t\t<div class='gallery-icon landscape'>\n\t\t\t\t<a href='https:\/\/archive.sana.sy\/tr\/wp-content\/uploads\/2023\/10\/\u062f\u0641\u0627\u0639-3.jpg'><img loading=\"lazy\" decoding=\"async\" width=\"660\" height=\"370\" src=\"https:\/\/archive.sana.sy\/tr\/wp-content\/uploads\/2023\/10\/\u062f\u0641\u0627\u0639-3.jpg\" class=\"attachment-full size-full\" alt=\"\" srcset=\"https:\/\/archive.sana.sy\/tr\/wp-content\/uploads\/2023\/10\/\u062f\u0641\u0627\u0639-3.jpg 660w, https:\/\/archive.sana.sy\/tr\/wp-content\/uploads\/2023\/10\/\u062f\u0641\u0627\u0639-3-300x168.jpg 300w\" sizes=\"auto, (max-width: 660px) 100vw, 660px\" \/><\/a>\n\t\t\t<\/div><\/figure><figure class='gallery-item'>\n\t\t\t<div class='gallery-icon landscape'>\n\t\t\t\t<a href='https:\/\/archive.sana.sy\/tr\/wp-content\/uploads\/2023\/10\/\u0648\u0632\u0627\u0631\u0629-\u0627\u0644\u062f\u0641\u0627\u0639.jpg'><img loading=\"lazy\" decoding=\"async\" width=\"660\" height=\"370\" src=\"https:\/\/archive.sana.sy\/tr\/wp-content\/uploads\/2023\/10\/\u0648\u0632\u0627\u0631\u0629-\u0627\u0644\u062f\u0641\u0627\u0639.jpg\" class=\"attachment-full size-full\" alt=\"\" srcset=\"https:\/\/archive.sana.sy\/tr\/wp-content\/uploads\/2023\/10\/\u0648\u0632\u0627\u0631\u0629-\u0627\u0644\u062f\u0641\u0627\u0639.jpg 660w, https:\/\/archive.sana.sy\/tr\/wp-content\/uploads\/2023\/10\/\u0648\u0632\u0627\u0631\u0629-\u0627\u0644\u062f\u0641\u0627\u0639-300x168.jpg 300w\" sizes=\"auto, (max-width: 660px) 100vw, 660px\" \/><\/a>\n\t\t\t<\/div><\/figure><figure class='gallery-item'>\n\t\t\t<div class='gallery-icon landscape'>\n\t\t\t\t<a href='https:\/\/archive.sana.sy\/tr\/wp-content\/uploads\/2023\/10\/\u0648\u0632\u0627\u0631\u0629-\u0627\u0644\u062f\u0641\u0627\u0639-2.jpg'><img loading=\"lazy\" decoding=\"async\" width=\"660\" height=\"370\" src=\"https:\/\/archive.sana.sy\/tr\/wp-content\/uploads\/2023\/10\/\u0648\u0632\u0627\u0631\u0629-\u0627\u0644\u062f\u0641\u0627\u0639-2.jpg\" class=\"attachment-full size-full\" alt=\"\" srcset=\"https:\/\/archive.sana.sy\/tr\/wp-content\/uploads\/2023\/10\/\u0648\u0632\u0627\u0631\u0629-\u0627\u0644\u062f\u0641\u0627\u0639-2.jpg 660w, https:\/\/archive.sana.sy\/tr\/wp-content\/uploads\/2023\/10\/\u0648\u0632\u0627\u0631\u0629-\u0627\u0644\u062f\u0641\u0627\u0639-2-300x168.jpg 300w\" sizes=\"auto, (max-width: 660px) 100vw, 660px\" \/><\/a>\n\t\t\t<\/div><\/figure>\n\t\t<\/div>\n\n<p style=\"text-align: justify;\"><iframe loading=\"lazy\" title=\"\u0648\u0632\u0627\u0631\u0629 \u0627\u0644\u062f\u0641\u0627\u0639 \u2026 \u0642\u0648\u0627\u062a\u0646\u0627 \u0627\u0644\u0645\u0633\u0644\u062d\u0629 \u062a\u0633\u062a\u0647\u062f\u0641 \u0645\u0642\u0631\u0627\u062a \u0627\u0644\u0625\u0631\u0647\u0627\u0628\u064a\u064a\u0646 \u0641\u064a \u0631\u064a\u0641 \u0625\u062f\u0644\u0628 \u0648\u062a\u0633\u0642\u0637 \u0645\u0633\u064a\u0651\u0631\u062a\u064a\u0646 \u0641\u064a \u0631\u064a\u0641 \u062d\u0644\u0628 \u0627\u0644\u0634\u0645\u0627\u0644\u064a\" src=\"https:\/\/www.youtube.com\/embed\/3Y9tVqNKjVo\" width=\"620\" height=\"348\" frameborder=\"0\" allowfullscreen=\"allowfullscreen\"><\/iframe><\/p>\n","protected":false},"excerpt":{"rendered":"<p>\u015eAM 03 EK\u0130M (SANA) &#8211; Silahl\u0131 kuvvetlerimize ba\u011fl\u0131 birimlerimiz, \u0130dlib k\u0131rsal\u0131ndaki ter\u00f6r karargahlar\u0131 ve mevzileri hedef alarak bir k\u0131sm\u0131n\u0131 imha etti ve \u00a0Halep&#8217;in kuzey k\u0131rsal\u0131nda 2 \u0130HA&#8217;y\u0131 d\u00fc\u015f\u00fcrd\u00fc. Suriye Savunma Bakanl\u0131\u011f\u0131 resmi Facebook sayfas\u0131nda yapt\u0131\u011f\u0131 a\u00e7\u0131klamada, &#8221;Silahl\u0131 ter\u00f6r gruplar\u0131n\u0131n hareketlerini p\u00fcsk\u00fcrtmek ve Hama ve \u0130dlib k\u0131rsal\u0131ndaki g\u00fcvenli k\u00f6y ve kasabalar ile Suriye Arap Ordusu noktalar\u0131na &hellip;<\/p>\n","protected":false},"author":36,"featured_media":289302,"comment_status":"closed","ping_status":"closed","sticky":false,"template":"","format":"standard","meta":{"footnotes":""},"categories":[596,479,575,17988,478],"tags":[],"class_list":["post-289298","post","type-post","status-publish","format-standard","has-post-thumbnail","","category-fotografli-raporlar","category-haberler-yerel","category-olaylar-ve-gercekler","category-son-haberler","category-yerel"],"_links":{"self":[{"href":"https:\/\/archive.sana.sy\/tr\/index.php?rest_route=\/wp\/v2\/posts\/289298","targetHints":{"allow":["GET"]}}],"collection":[{"href":"https:\/\/archive.sana.sy\/tr\/index.php?rest_route=\/wp\/v2\/posts"}],"about":[{"href":"https:\/\/archive.sana.sy\/tr\/index.php?rest_route=\/wp\/v2\/types\/post"}],"author":[{"embeddable":true,"href":"https:\/\/archive.sana.sy\/tr\/index.php?rest_route=\/wp\/v2\/users\/36"}],"replies":[{"embeddable":true,"href":"https:\/\/archive.sana.sy\/tr\/index.php?rest_route=%2Fwp%2Fv2%2Fcomments&post=289298"}],"version-history":[{"count":3,"href":"https:\/\/archive.sana.sy\/tr\/index.php?rest_route=\/wp\/v2\/posts\/289298\/revisions"}],"predecessor-version":[{"id":289351,"href":"https:\/\/archive.sana.sy\/tr\/index.php?rest_route=\/wp\/v2\/posts\/289298\/revisions\/289351"}],"wp:featuredmedia":[{"embeddable":true,"href":"https:\/\/archive.sana.sy\/tr\/index.php?rest_route=\/wp\/v2\/media\/289302"}],"wp:attachment":[{"href":"https:\/\/archive.sana.sy\/tr\/index.php?rest_route=%2Fwp%2Fv2%2Fmedia&parent=289298"}],"wp:term":[{"taxonomy":"category","embeddable":true,"href":"https:\/\/archive.sana.sy\/tr\/index.php?rest_route=%2Fwp%2Fv2%2Fcategories&post=289298"},{"taxonomy":"post_tag","embeddable":true,"href":"https:\/\/archive.sana.sy\/tr\/index.php?rest_route=%2Fwp%2Fv2%2Ftags&post=289298"}],"curies":[{"name":"wp","href":"https:\/\/api.w.org\/{rel}","templated":true}]}}