{"id":289313,"date":"2023-10-04T15:12:10","date_gmt":"2023-10-04T12:12:10","guid":{"rendered":"https:\/\/sana.sy\/tr\/?p=289313"},"modified":"2023-10-06T08:46:54","modified_gmt":"2023-10-06T05:46:54","slug":"buyukelci-ali-ahmed-israil-isgalinin-suriye-topraklarina-yonelik-saldirilarina-iliskin-bm-kararlarina-saygi-gosterilmesini-talep-eden-ulkeler-nerede","status":"publish","type":"post","link":"https:\/\/archive.sana.sy\/tr\/?p=289313","title":{"rendered":"B\u00fcy\u00fckel\u00e7i Ali Ahmed: \u0130\u015fgalci \u0130srail&#8217;in Suriye Topraklar\u0131na Y\u00f6nelik Sald\u0131rganl\u0131klar\u0131na \u0130li\u015fkin BM Kararlar\u0131na Sayg\u0131 G\u00f6sterilmesini Talep Eden \u00dclkeler Nerede?"},"content":{"rendered":"<p style=\"text-align: justify;\"><strong>CENEVRE 04 EK\u0130M (SANA)<\/strong> &#8211; Suriye&#8217;nin Birle\u015fmi\u015f Milletler Ofisi ve Cenevre&#8217;deki di\u011fer uluslararas\u0131 kurulu\u015flardaki daimi temsilcisi B\u00fcy\u00fckel\u00e7i Heyder Ali Ahmed, \u2018\u2019\u0130srail i\u015fgalinin su\u00e7 eylemlerinin devam etmesi, sald\u0131rgan politikalar\u0131 ve Bat\u0131l\u0131 \u00fclkelerin deste\u011fiyle Suriye&#8217;deki sivil tesisleri hedef almaya devam etmesi, insan haklar\u0131 konusunda endi\u015fe duydu\u011funu iddia eden \u00fclkelerin bu konudaki tutumlar\u0131n\u0131n sorgulanmas\u0131n\u0131 gerektiriyor. Birle\u015fmi\u015f Milletler kararlar\u0131na sayg\u0131 g\u00f6sterilmesini isteyenler, uluslararas\u0131 hukuk ilkelerini savunanlar nerede?\u2019\u2019 dedi.<\/p>\n<p style=\"text-align: justify;\">Ali Ahmed, Cenevre&#8217;deki \u0130nsan Haklar\u0131 Konseyi&#8217;nin 54. oturum \u00e7al\u0131\u015fmalar\u0131 kapsam\u0131nda Filistin ve i\u015fgal alt\u0131ndaki di\u011fer Arap topraklar\u0131ndaki insan haklar\u0131 durumuyla ilgili bug\u00fcnk\u00fc oturumunda, \u2018\u2019\u0130nsan Haklar\u0131 Evrensel Bildirgesi&#8217;nin 75. y\u0131l d\u00f6n\u00fcm\u00fcn\u00fc anmam\u0131za ra\u011fmen, ne yaz\u0131k ki bu Konsey&#8217;de h\u00e2l\u00e2 Bildirge&#8217;nin \u00f6z\u00fcyle \u00e7eli\u015fen benzersiz bir durumla kar\u015f\u0131 kar\u015f\u0131yay\u0131z\u2026\u0130nsanl\u0131\u011f\u0131n uluslararas\u0131 insanc\u0131l hukuk ve uluslararas\u0131 insan haklar\u0131 hukuku alan\u0131nda geli\u015ftirdi\u011fi t\u00fcm h\u00fck\u00fcmleri ihlal eden, apartheid&#8217;e dayanan uzun vadeli bir s\u00f6m\u00fcrgecili\u011fe h\u00e2l\u00e2 bo\u015funa bak\u0131yoruz.\u201d ifadelerini kulland\u0131.<\/p>\n<p style=\"text-align: justify;\">Bu i\u015fgalin temel \u00f6zelli\u011fi olan yerle\u015fim biriminin bu hukuk d\u0131\u015f\u0131 durumu devam ettirme, yasa d\u0131\u015f\u0131 ilhak politikalar\u0131n\u0131 s\u00fcrd\u00fcrme ve topraklara zorla el konulmas\u0131n\u0131n kabul edilemezli\u011fi ilkesini ihlal etme kararl\u0131l\u0131\u011f\u0131nda oldu\u011funa dikkat \u00e7eken Ali Ahmed, ister i\u015fgal alt\u0131ndaki Suriye Golan&#8217;da, ister i\u015fgal alt\u0131ndaki Filistin topraklar\u0131nda sivillerin hayatlar\u0131yla alay etmenin ve s\u00fcrekli su\u00e7 i\u015flemenin \u0130srail i\u015fgalinin temel ve de\u011fi\u015fmez \u00f6zelli\u011fi oldu\u011funu vurgulad\u0131.<\/p>\n<p style=\"text-align: justify;\">Suriye&#8217;nin Cenevre&#8217;deki Birle\u015fmi\u015f Milletler ofisindeki daimi temsilcisi \u015funlar\u0131 s\u00f6yledi: \u2018\u2019Hukukun \u00fcst\u00fcnl\u00fc\u011f\u00fc ilkesiyle y\u00f6netilmesi gereken uluslararas\u0131 toplumun bu i\u00e7 karart\u0131c\u0131 ger\u00e7ekli\u011fi kar\u015f\u0131s\u0131nda \u015funu sormaktan ba\u015fka bir \u015fey yapamay\u0131z: \u0130nsan haklar\u0131na \u00f6nem verdi\u011fini iddia eden \u00fclkeler t\u00fcm bunlar\u0131n neresinde duruyor? Birle\u015fmi\u015f Milletler kararlar\u0131na sayg\u0131 g\u00f6sterilmesini isteyenler nerede? Uluslararas\u0131 hukuk ilkelerinin savunucular\u0131 nerede? Yoksa burada son s\u00f6z \u00e7ifte standartlara m\u0131 ait?!.\u2019\u2019<\/p>\n<p style=\"text-align: justify;\">B\u00fcy\u00fckel\u00e7i Ali Ahmed ay\u0131ca, Suriye&#8217;nin, Filistin halk\u0131n\u0131n kendi kaderini tayin etme hakk\u0131na ve ba\u015fkenti Kud\u00fcs olan ba\u011f\u0131ms\u0131z bir devlet kurma hakk\u0131na kesin destek verdi\u011fini ve \u0130srail i\u015fgalinin su\u00e7lar\u0131n\u0131 k\u0131nad\u0131\u011f\u0131n\u0131 kaydetti.<\/p>\n<p><a href=\"https:\/\/t.me\/SuriyeArapHaberAjansI\">Telegram Kanal\u0131m\u0131z\u00a0<\/a><\/p>\n<p><a href=\"https:\/\/www.facebook.com\/SANAHaberAjansi\/\">Facebook Sayfam\u0131z<\/a><\/p>\n<p><a href=\"https:\/\/twitter.com\/arap_ajans\">Twitter Hesab\u0131m\u0131z<\/a><\/p>\n<p style=\"text-align: justify;\">\n","protected":false},"excerpt":{"rendered":"<p>CENEVRE 04 EK\u0130M (SANA) &#8211; Suriye&#8217;nin Birle\u015fmi\u015f Milletler Ofisi ve Cenevre&#8217;deki di\u011fer uluslararas\u0131 kurulu\u015flardaki daimi temsilcisi B\u00fcy\u00fckel\u00e7i Heyder Ali Ahmed, \u2018\u2019\u0130srail i\u015fgalinin su\u00e7 eylemlerinin devam etmesi, sald\u0131rgan politikalar\u0131 ve Bat\u0131l\u0131 \u00fclkelerin deste\u011fiyle Suriye&#8217;deki sivil tesisleri hedef almaya devam etmesi, insan haklar\u0131 konusunda endi\u015fe duydu\u011funu iddia eden \u00fclkelerin bu konudaki tutumlar\u0131n\u0131n sorgulanmas\u0131n\u0131 gerektiriyor. Birle\u015fmi\u015f Milletler kararlar\u0131na &hellip;<\/p>\n","protected":false},"author":41,"featured_media":289314,"comment_status":"closed","ping_status":"closed","sticky":false,"template":"","format":"standard","meta":{"footnotes":""},"categories":[458,459,17988],"tags":[39969,19174],"class_list":["post-289313","post","type-post","status-publish","format-standard","has-post-thumbnail","","category-dunya1","category-haberler-arap-uluslararasi-politika","category-son-haberler","tag-buyukelci-ali-ahmed-israil-isgalinin-suriye-topraklarina-yonelik-saldirilarina-iliskin-bm-kararlarina-saygi-gosterilmesini-talep-eden-ulkeler-nerede","tag-suriyede-son-durumlar"],"_links":{"self":[{"href":"https:\/\/archive.sana.sy\/tr\/index.php?rest_route=\/wp\/v2\/posts\/289313","targetHints":{"allow":["GET"]}}],"collection":[{"href":"https:\/\/archive.sana.sy\/tr\/index.php?rest_route=\/wp\/v2\/posts"}],"about":[{"href":"https:\/\/archive.sana.sy\/tr\/index.php?rest_route=\/wp\/v2\/types\/post"}],"author":[{"embeddable":true,"href":"https:\/\/archive.sana.sy\/tr\/index.php?rest_route=\/wp\/v2\/users\/41"}],"replies":[{"embeddable":true,"href":"https:\/\/archive.sana.sy\/tr\/index.php?rest_route=%2Fwp%2Fv2%2Fcomments&post=289313"}],"version-history":[{"count":5,"href":"https:\/\/archive.sana.sy\/tr\/index.php?rest_route=\/wp\/v2\/posts\/289313\/revisions"}],"predecessor-version":[{"id":289349,"href":"https:\/\/archive.sana.sy\/tr\/index.php?rest_route=\/wp\/v2\/posts\/289313\/revisions\/289349"}],"wp:featuredmedia":[{"embeddable":true,"href":"https:\/\/archive.sana.sy\/tr\/index.php?rest_route=\/wp\/v2\/media\/289314"}],"wp:attachment":[{"href":"https:\/\/archive.sana.sy\/tr\/index.php?rest_route=%2Fwp%2Fv2%2Fmedia&parent=289313"}],"wp:term":[{"taxonomy":"category","embeddable":true,"href":"https:\/\/archive.sana.sy\/tr\/index.php?rest_route=%2Fwp%2Fv2%2Fcategories&post=289313"},{"taxonomy":"post_tag","embeddable":true,"href":"https:\/\/archive.sana.sy\/tr\/index.php?rest_route=%2Fwp%2Fv2%2Ftags&post=289313"}],"curies":[{"name":"wp","href":"https:\/\/api.w.org\/{rel}","templated":true}]}}