{"id":289325,"date":"2023-10-04T10:49:31","date_gmt":"2023-10-04T07:49:31","guid":{"rendered":"https:\/\/sana.sy\/tr\/?p=289325"},"modified":"2023-10-05T08:14:29","modified_gmt":"2023-10-05T05:14:29","slug":"rus-kuvvetleri-kirim-yarimadasina-ukraynali-bir-indirme-girisimini-engelledi","status":"publish","type":"post","link":"https:\/\/archive.sana.sy\/tr\/?p=289325","title":{"rendered":"Rus Kuvvetleri K\u0131r\u0131m Yar\u0131madas\u0131&#8217;na Ukraynal\u0131 Bir \u0130ndirme Giri\u015fimini Engelledi"},"content":{"rendered":"<p style=\"text-align: justify;\"><strong>MOSKOVA 04 EK\u0130M (SANA)<\/strong> &#8211; Rusya Savunma Bakanl\u0131\u011f\u0131 bug\u00fcn, hava kuvvetlerinin Ukrayna kuvvetlerini K\u0131r\u0131m Yar\u0131madas\u0131&#8217;ndaki Tarkhankut Burnu&#8217;na indirme giri\u015fimini engelledi\u011fini duyurdu.<\/p>\n<p style=\"text-align: justify;\">Sputnik, bakanl\u0131ktaki kaynaklar\u0131n \u015fu s\u00f6zlerini aktard\u0131: \u201cRus Hava Kuvvetleri, Karadeniz&#8217;in kuzeybat\u0131 kesiminde, amfibi bir Ukrayna kuvvetleri grubunun K\u0131r\u0131m Yar\u0131madas\u0131 topraklar\u0131na y\u00fcksek h\u0131zl\u0131 bir askeri bot ve \u00fc\u00e7 jet ski ile Tarkhankut Burnu&#8217;na do\u011fru s\u0131zma giri\u015fimini engelledi. .\u201d<\/p>\n<p style=\"text-align: justify;\">Kaynaklar ayr\u0131ca, Ukrayna kuvvetlerinin \u00e7\u0131karma s\u0131ras\u0131nda K\u0131r\u0131m yar\u0131madas\u0131nda ter\u00f6r sald\u0131r\u0131s\u0131 d\u00fczenlemeye \u00e7al\u0131\u015ft\u0131\u011f\u0131n\u0131 a\u00e7\u0131klad\u0131.<\/p>\n<p style=\"text-align: justify;\"><a href=\"https:\/\/t.me\/SuriyeArapHaberAjansI\">Telegram Kanal\u0131m\u0131z\u00a0<\/a><\/p>\n<p style=\"text-align: justify;\"><a href=\"https:\/\/www.facebook.com\/SANAHaberAjansi\/\">Facebook Sayfam\u0131z<\/a><\/p>\n<p style=\"text-align: justify;\"><a href=\"https:\/\/twitter.com\/arap_ajans\">Twitter Hesab\u0131m\u0131z<\/a><\/p>\n","protected":false},"excerpt":{"rendered":"<p>MOSKOVA 04 EK\u0130M (SANA) &#8211; Rusya Savunma Bakanl\u0131\u011f\u0131 bug\u00fcn, hava kuvvetlerinin Ukrayna kuvvetlerini K\u0131r\u0131m Yar\u0131madas\u0131&#8217;ndaki Tarkhankut Burnu&#8217;na indirme giri\u015fimini engelledi\u011fini duyurdu. Sputnik, bakanl\u0131ktaki kaynaklar\u0131n \u015fu s\u00f6zlerini aktard\u0131: \u201cRus Hava Kuvvetleri, Karadeniz&#8217;in kuzeybat\u0131 kesiminde, amfibi bir Ukrayna kuvvetleri grubunun K\u0131r\u0131m Yar\u0131madas\u0131 topraklar\u0131na y\u00fcksek h\u0131zl\u0131 bir askeri bot ve \u00fc\u00e7 jet ski ile Tarkhankut Burnu&#8217;na do\u011fru s\u0131zma &hellip;<\/p>\n","protected":false},"author":41,"featured_media":289326,"comment_status":"closed","ping_status":"closed","sticky":false,"template":"","format":"standard","meta":{"footnotes":""},"categories":[458,459,17988],"tags":[39975],"class_list":["post-289325","post","type-post","status-publish","format-standard","has-post-thumbnail","","category-dunya1","category-haberler-arap-uluslararasi-politika","category-son-haberler","tag-rus-kuvvetleri-kirim-yarimadasina-ukraynali-bir-indirme-girisimini-engelledi"],"_links":{"self":[{"href":"https:\/\/archive.sana.sy\/tr\/index.php?rest_route=\/wp\/v2\/posts\/289325","targetHints":{"allow":["GET"]}}],"collection":[{"href":"https:\/\/archive.sana.sy\/tr\/index.php?rest_route=\/wp\/v2\/posts"}],"about":[{"href":"https:\/\/archive.sana.sy\/tr\/index.php?rest_route=\/wp\/v2\/types\/post"}],"author":[{"embeddable":true,"href":"https:\/\/archive.sana.sy\/tr\/index.php?rest_route=\/wp\/v2\/users\/41"}],"replies":[{"embeddable":true,"href":"https:\/\/archive.sana.sy\/tr\/index.php?rest_route=%2Fwp%2Fv2%2Fcomments&post=289325"}],"version-history":[{"count":1,"href":"https:\/\/archive.sana.sy\/tr\/index.php?rest_route=\/wp\/v2\/posts\/289325\/revisions"}],"predecessor-version":[{"id":289327,"href":"https:\/\/archive.sana.sy\/tr\/index.php?rest_route=\/wp\/v2\/posts\/289325\/revisions\/289327"}],"wp:featuredmedia":[{"embeddable":true,"href":"https:\/\/archive.sana.sy\/tr\/index.php?rest_route=\/wp\/v2\/media\/289326"}],"wp:attachment":[{"href":"https:\/\/archive.sana.sy\/tr\/index.php?rest_route=%2Fwp%2Fv2%2Fmedia&parent=289325"}],"wp:term":[{"taxonomy":"category","embeddable":true,"href":"https:\/\/archive.sana.sy\/tr\/index.php?rest_route=%2Fwp%2Fv2%2Fcategories&post=289325"},{"taxonomy":"post_tag","embeddable":true,"href":"https:\/\/archive.sana.sy\/tr\/index.php?rest_route=%2Fwp%2Fv2%2Ftags&post=289325"}],"curies":[{"name":"wp","href":"https:\/\/api.w.org\/{rel}","templated":true}]}}