{"id":289328,"date":"2023-10-04T12:44:24","date_gmt":"2023-10-04T09:44:24","guid":{"rendered":"https:\/\/sana.sy\/tr\/?p=289328"},"modified":"2023-10-05T08:14:35","modified_gmt":"2023-10-05T05:14:35","slug":"rusya-savunmasi-500den-fazla-ukraynali-askeri-oldurdu-muharip-ucak-ile-74-ihayi-dusurdu","status":"publish","type":"post","link":"https:\/\/archive.sana.sy\/tr\/?p=289328","title":{"rendered":"RSB: 500&#8217;den Fazla Ukraynal\u0131 Askeri \u00d6ld\u00fcrd\u00fc, Muharip U\u00e7ak ile 74 \u0130HA\u2019y\u0131 D\u00fc\u015f\u00fcrd\u00fc"},"content":{"rendered":"<p style=\"text-align: justify;\"><strong>MOSKOVA 04 EK\u0130M (SANA)<\/strong> &#8211; Rusya Savunma Bakanl\u0131\u011f\u0131, g\u00fc\u00e7lerinin 500&#8217;den fazla Ukraynal\u0131 askeri etkisiz hale getirdi\u011fini, bir sava\u015f u\u00e7a\u011f\u0131 ve 74 insans\u0131z hava arac\u0131n\u0131 d\u00fc\u015f\u00fcrd\u00fc\u011f\u00fcn\u00fc, Ukrayna ordusuna ait silah ve m\u00fchimmat <img loading=\"lazy\" decoding=\"async\" class=\"size-full wp-image-289330 alignright\" src=\"http:\/\/sana.sy\/tr\/wp-content\/uploads\/2023\/10\/\u0627\u0644\u0639\u0645\u0644\u064a\u0629-\u0627\u0644\u0639\u0633\u0643\u0631\u064a\u0629-\u0627\u0644\u062e\u0627\u0635\u0629-\u0631\u0648\u0633\u064a\u0627-\u0623\u0648\u0643\u0631\u0646\u064a\u0627-3-300x169-1.jpg\" alt=\"\" width=\"300\" height=\"169\" \/>depolar\u0131n\u0131 imha etti\u011fini duyurdu.<\/p>\n<p style=\"text-align: justify;\">Bakanl\u0131k, \u00f6zel askeri operasyonun y\u00fcr\u00fct\u00fclmesine ili\u015fkin g\u00fcnl\u00fck a\u00e7\u0131klamas\u0131nda \u015funlar\u0131 s\u00f6yledi: &#8220;Rus hava savunmas\u0131 ge\u00e7ti\u011fimiz g\u00fcn bir MiG-29 sava\u015f u\u00e7a\u011f\u0131n\u0131 ve 74 \u0130HA&#8217;y\u0131 d\u00fc\u015f\u00fcrd\u00fc, ayr\u0131ca 7 Himar ve Grad f\u00fczesini de ele ge\u00e7irdi.&#8221;<\/p>\n<p style=\"text-align: justify;\"><strong><span style=\"color: #0000ff;\">A\u00e7\u0131klamaya g\u00f6re ayr\u0131ca:<\/span> <\/strong><\/p>\n<ul style=\"text-align: justify;\">\n<li>Donetsk ekseninde hava ve top\u00e7u deste\u011findeki Rus kuvvetleri, Ukrayna kuvvetlerinin d\u00fczenledi\u011fi 4 sald\u0131r\u0131y\u0131 p\u00fcsk\u00fcrtt\u00fc.<\/li>\n<li>Bu eksende Ukraynal\u0131lar\u0131n kay\u0131plar\u0131 165 askerin \u00f6ld\u00fcr\u00fclmesi ve yaralanmas\u0131yd\u0131 ve bir m\u00fchimmat deposu imha edildi.<\/li>\n<li>Krasnolymansk ekseninde Ukrayna ordusunun d\u00fczenledi\u011fi iki sald\u0131r\u0131 Rus kuvvetleri taraf\u0131ndan engellendi.<\/li>\n<li>50 asker imha edilirken, 2 z\u0131rhl\u0131 ara\u00e7 ve 1 ob\u00fcs imha edildi.<\/li>\n<li>G\u00fcney Donetsk ekseninde Kiev kuvvetlerinin kay\u0131plar\u0131 185 \u00f6l\u00fc ve yaral\u0131 ile 3 z\u0131rhl\u0131 araca ula\u015ft\u0131.<\/li>\n<li>Kharkov Eyaleti&#8217;nin Kubyansk ekseninde&#8230; Rus kuvvetleri, Ukrayna ordusunun mevzilerine sald\u0131r\u0131 d\u00fczenleyerek en az 30 askeri \u00f6ld\u00fcrd\u00fc ve \u00e7ok say\u0131da askeri arac\u0131 imha etti.<\/li>\n<li>Zaporojye ekseninde Rus kuvvetleri yakla\u015f\u0131k 50 Ukraynal\u0131 askeri ortadan kald\u0131rmay\u0131 ba\u015fard\u0131.<\/li>\n<\/ul>\n<p style=\"text-align: justify;\"><a href=\"https:\/\/t.me\/SuriyeArapHaberAjansI\">Telegram Kanal\u0131m\u0131z\u00a0<\/a><\/p>\n<p style=\"text-align: justify;\"><a href=\"https:\/\/www.facebook.com\/SANAHaberAjansi\/\">Facebook Sayfam\u0131z<\/a><\/p>\n<p style=\"text-align: justify;\"><a href=\"https:\/\/twitter.com\/arap_ajans\">Twitter Hesab\u0131m\u0131z<\/a><\/p>\n<p style=\"text-align: justify;\">\u200b<\/p>\n","protected":false},"excerpt":{"rendered":"<p>MOSKOVA 04 EK\u0130M (SANA) &#8211; Rusya Savunma Bakanl\u0131\u011f\u0131, g\u00fc\u00e7lerinin 500&#8217;den fazla Ukraynal\u0131 askeri etkisiz hale getirdi\u011fini, bir sava\u015f u\u00e7a\u011f\u0131 ve 74 insans\u0131z hava arac\u0131n\u0131 d\u00fc\u015f\u00fcrd\u00fc\u011f\u00fcn\u00fc, Ukrayna ordusuna ait silah ve m\u00fchimmat depolar\u0131n\u0131 imha etti\u011fini duyurdu. Bakanl\u0131k, \u00f6zel askeri operasyonun y\u00fcr\u00fct\u00fclmesine ili\u015fkin g\u00fcnl\u00fck a\u00e7\u0131klamas\u0131nda \u015funlar\u0131 s\u00f6yledi: &#8220;Rus hava savunmas\u0131 ge\u00e7ti\u011fimiz g\u00fcn bir MiG-29 sava\u015f u\u00e7a\u011f\u0131n\u0131 ve &hellip;<\/p>\n","protected":false},"author":41,"featured_media":289329,"comment_status":"closed","ping_status":"closed","sticky":false,"template":"","format":"standard","meta":{"footnotes":""},"categories":[458,459,17988],"tags":[39978,39977,17041,39976],"class_list":["post-289328","post","type-post","status-publish","format-standard","has-post-thumbnail","","category-dunya1","category-haberler-arap-uluslararasi-politika","category-son-haberler","tag-himar-ve-grad-fuzesi","tag-muharip-ucak-ile-74-ihayi-dusurdu","tag-rusya-savunma-bakanligi","tag-rusya-savunmasi-500den-fazla-ukraynali-askeri-oldurdu"],"_links":{"self":[{"href":"https:\/\/archive.sana.sy\/tr\/index.php?rest_route=\/wp\/v2\/posts\/289328","targetHints":{"allow":["GET"]}}],"collection":[{"href":"https:\/\/archive.sana.sy\/tr\/index.php?rest_route=\/wp\/v2\/posts"}],"about":[{"href":"https:\/\/archive.sana.sy\/tr\/index.php?rest_route=\/wp\/v2\/types\/post"}],"author":[{"embeddable":true,"href":"https:\/\/archive.sana.sy\/tr\/index.php?rest_route=\/wp\/v2\/users\/41"}],"replies":[{"embeddable":true,"href":"https:\/\/archive.sana.sy\/tr\/index.php?rest_route=%2Fwp%2Fv2%2Fcomments&post=289328"}],"version-history":[{"count":3,"href":"https:\/\/archive.sana.sy\/tr\/index.php?rest_route=\/wp\/v2\/posts\/289328\/revisions"}],"predecessor-version":[{"id":289333,"href":"https:\/\/archive.sana.sy\/tr\/index.php?rest_route=\/wp\/v2\/posts\/289328\/revisions\/289333"}],"wp:featuredmedia":[{"embeddable":true,"href":"https:\/\/archive.sana.sy\/tr\/index.php?rest_route=\/wp\/v2\/media\/289329"}],"wp:attachment":[{"href":"https:\/\/archive.sana.sy\/tr\/index.php?rest_route=%2Fwp%2Fv2%2Fmedia&parent=289328"}],"wp:term":[{"taxonomy":"category","embeddable":true,"href":"https:\/\/archive.sana.sy\/tr\/index.php?rest_route=%2Fwp%2Fv2%2Fcategories&post=289328"},{"taxonomy":"post_tag","embeddable":true,"href":"https:\/\/archive.sana.sy\/tr\/index.php?rest_route=%2Fwp%2Fv2%2Ftags&post=289328"}],"curies":[{"name":"wp","href":"https:\/\/api.w.org\/{rel}","templated":true}]}}