{"id":28933,"date":"2015-04-07T17:47:07","date_gmt":"2015-04-07T14:47:07","guid":{"rendered":"http:\/\/www.sana.sy\/tr\/?p=28933"},"modified":"2015-04-08T21:06:00","modified_gmt":"2015-04-08T18:06:00","slug":"halaki-imzalanan-protokol-iki-ulke-arasindaki-isbirliginin-genislemesini-saglayacak","status":"publish","type":"post","link":"https:\/\/archive.sana.sy\/tr\/?p=28933","title":{"rendered":"Halaki: \u0130mzalanan Protokol \u0130ki \u00dclke Aras\u0131ndaki \u0130\u015fbirli\u011finin Geni\u015flemesini Sa\u011flayacak"},"content":{"rendered":"<p>\u015eAM \u2013 Bakanlar kurulu bug\u00fcn Ba\u015fbakan Vail el Halaki ba\u015fkanl\u0131\u011f\u0131nda d\u00fczenledi\u011fi haftal\u0131k ola\u011fan toplant\u0131s\u0131nda Suriye-Beyaz Rusya Komisyonunun ge\u00e7ti\u011fimiz hafta Beyaz Rusya\u2019n\u0131n Ba\u015fkenti Minsk kentinde d\u00fczenlenen toplant\u0131lar\u0131 ve sonu\u00e7lar\u0131, vergi sisteminde adaleti sa\u011flama ve vergi ka\u00e7\u0131r\u0131lmas\u0131n\u0131 \u00f6nleme gibi bir\u00e7ok ba\u015fl\u0131k masaya yat\u0131r\u0131ld\u0131.<\/p>\n<p><a href=\"http:\/\/www.sana.sy\/tr\/wp-content\/uploads\/2015\/04\/Halaki.JPG-1.jpg\"><img loading=\"lazy\" decoding=\"async\" class=\"alignright wp-image-28935 size-medium\" src=\"http:\/\/www.sana.sy\/tr\/wp-content\/uploads\/2015\/04\/Halaki.JPG-1-300x160.jpg\" alt=\"Halaki.JPG 1\" width=\"300\" height=\"160\" srcset=\"https:\/\/archive.sana.sy\/tr\/wp-content\/uploads\/2015\/04\/Halaki.JPG-1-300x160.jpg 300w, https:\/\/archive.sana.sy\/tr\/wp-content\/uploads\/2015\/04\/Halaki.JPG-1-150x80.jpg 150w, https:\/\/archive.sana.sy\/tr\/wp-content\/uploads\/2015\/04\/Halaki.JPG-1.jpg 620w\" sizes=\"auto, (max-width: 300px) 100vw, 300px\" \/><\/a>Baas Partisinin kurulu\u015funun 68. Y\u0131ld\u00f6n\u00fcm\u00fc m\u00fcnasebetiyle bir konu\u015fma yapan Ba\u015fbakan Vail el Halaki, Baas Partisinin tarih boyunca, Arap ekonomi sisteminin b\u00fct\u00fcnl\u00fc\u011f\u00fc ve dayan\u0131\u015fman\u0131n g\u00fc\u00e7lendirilmesi y\u00f6n\u00fcnde bir pusula te\u015fkil etti\u011fini dile getirerek Baas Partisinin Siyonist-Amerikan projeleri kar\u015f\u0131s\u0131nda \u00f6nemli bir duru\u015f sergiledi\u011finin alt\u0131n\u0131 \u00e7izdi.<\/p>\n<p>\u0130ran ile 5+1 Grubu aras\u0131nda n\u00fckleer enerji dosyas\u0131yla ilgili uzla\u015fmaya ula\u015f\u0131lmas\u0131n\u0131 stratejik bir ba\u015far\u0131 olarak nitelendiren Halaki, bu ba\u015far\u0131n\u0131n \u0130ran ekonomi ve teknoloji potansiyeline ciddi bir ivme kazand\u0131raca\u011f\u0131n\u0131 belirtti.<\/p>\n<p>Halaki i\u00e7 duruma ili\u015fkin yapt\u0131\u011f\u0131 de\u011ferlendirmesinde silahl\u0131 ter\u00f6r gruplar\u0131n\u0131n Nusayb S\u0131n\u0131r Kap\u0131s\u0131nda ve \u00fclkenin di\u011fer b\u00f6lgelerinde kamu ve \u00f6zel m\u00fclklerle ilgili tahrip ve gasp etme, vatanda\u015flara y\u00f6nelik katletme ve \u00f6zg\u00fcrl\u00fckleri s\u0131n\u0131rlama gibi faaliyetlerin s\u00f6z konusu silahl\u0131 ter\u00f6r gruplar\u0131n\u0131n herhangi bir kimlik, din ya da ahlaka mensup olmad\u0131klar\u0131n\u0131n kan\u0131t\u0131n\u0131 te\u015fkil etti\u011fini belirtti.<\/p>\n<p>Suriye-Beyaz Rusya Ekonomik ve \u0130\u015fbirli\u011fi Komisyonunun Minsk Kentinde d\u00fczenledi\u011fi toplant\u0131lar\u0131n sonu\u00e7lar\u0131na ili\u015fkin olumlu d\u00fc\u015f\u00fcncelerini dile getiren Halaki, toplant\u0131larda imzalanan protokol\u00fcn iki \u00fclke aras\u0131ndaki i\u015fbirli\u011fi ili\u015fkilerinin geni\u015flemesini sa\u011flayaca\u011f\u0131n\u0131 belirtti.<\/p>\n<p>\u0130\u00e7 Ticaret ve T\u00fcketiciyi Koruma Bakanl\u0131\u011f\u0131ndan f\u0131r\u0131nlar\u0131n daha s\u0131k denetlenerek ekmek kalitesinin y\u00fckseltilmesi talebinde bulunan Ba\u015fbakan Halaki, ayr\u0131ca Turizm ve Maliye bakanl\u0131klar\u0131ndan vatanda\u015f\u0131n \u015fikayetleriyle daha \u00e7ok ilgilenmelerini ve \u00f6zellikle vergi alan\u0131ndaki yolsuzluk ile ilgili s\u0131k\u0131 \u00f6nlemler al\u0131nmas\u0131n\u0131 talep etti.<\/p>\n<p>F.B. &#8211; M.M.<\/p>\n","protected":false},"excerpt":{"rendered":"<p>\u015eAM \u2013 Bakanlar kurulu bug\u00fcn Ba\u015fbakan Vail el Halaki ba\u015fkanl\u0131\u011f\u0131nda d\u00fczenledi\u011fi haftal\u0131k ola\u011fan toplant\u0131s\u0131nda Suriye-Beyaz Rusya Komisyonunun ge\u00e7ti\u011fimiz hafta Beyaz Rusya\u2019n\u0131n Ba\u015fkenti Minsk kentinde d\u00fczenlenen toplant\u0131lar\u0131 ve sonu\u00e7lar\u0131, vergi sisteminde adaleti sa\u011flama ve vergi ka\u00e7\u0131r\u0131lmas\u0131n\u0131 \u00f6nleme gibi bir\u00e7ok ba\u015fl\u0131k masaya yat\u0131r\u0131ld\u0131. Baas Partisinin kurulu\u015funun 68. Y\u0131ld\u00f6n\u00fcm\u00fc m\u00fcnasebetiyle bir konu\u015fma yapan Ba\u015fbakan Vail el Halaki, Baas &hellip;<\/p>\n","protected":false},"author":1,"featured_media":28934,"comment_status":"closed","ping_status":"closed","sticky":false,"template":"","format":"standard","meta":{"footnotes":""},"categories":[479,478],"tags":[13370,13371,13372],"class_list":["post-28933","post","type-post","status-publish","format-standard","has-post-thumbnail","","category-haberler-yerel","category-yerel","tag-halaki-imzalanan-protokol-iki-ulke-arasindaki-isbirliginin-genislemesini-saglayacak","tag-sam-bakanlar-kurulu-bugun-basbakan-vail-el-halaki-baskanliginda-duzenledigi-haftalik-olagan-toplantisinda-suriye-beyaz-rusya-komisyonunun-gectigimiz-hafta-beyaz-rusyanin-baskenti-mi","tag-vergi-sisteminde-adaleti-saglama-ve-vergi-kacirilmasini-onleme-gibi-bircok-baslik-masaya-yatirildi"],"_links":{"self":[{"href":"https:\/\/archive.sana.sy\/tr\/index.php?rest_route=\/wp\/v2\/posts\/28933","targetHints":{"allow":["GET"]}}],"collection":[{"href":"https:\/\/archive.sana.sy\/tr\/index.php?rest_route=\/wp\/v2\/posts"}],"about":[{"href":"https:\/\/archive.sana.sy\/tr\/index.php?rest_route=\/wp\/v2\/types\/post"}],"author":[{"embeddable":true,"href":"https:\/\/archive.sana.sy\/tr\/index.php?rest_route=\/wp\/v2\/users\/1"}],"replies":[{"embeddable":true,"href":"https:\/\/archive.sana.sy\/tr\/index.php?rest_route=%2Fwp%2Fv2%2Fcomments&post=28933"}],"version-history":[{"count":0,"href":"https:\/\/archive.sana.sy\/tr\/index.php?rest_route=\/wp\/v2\/posts\/28933\/revisions"}],"wp:featuredmedia":[{"embeddable":true,"href":"https:\/\/archive.sana.sy\/tr\/index.php?rest_route=\/wp\/v2\/media\/28934"}],"wp:attachment":[{"href":"https:\/\/archive.sana.sy\/tr\/index.php?rest_route=%2Fwp%2Fv2%2Fmedia&parent=28933"}],"wp:term":[{"taxonomy":"category","embeddable":true,"href":"https:\/\/archive.sana.sy\/tr\/index.php?rest_route=%2Fwp%2Fv2%2Fcategories&post=28933"},{"taxonomy":"post_tag","embeddable":true,"href":"https:\/\/archive.sana.sy\/tr\/index.php?rest_route=%2Fwp%2Fv2%2Ftags&post=28933"}],"curies":[{"name":"wp","href":"https:\/\/api.w.org\/{rel}","templated":true}]}}