{"id":28937,"date":"2015-04-07T18:58:38","date_gmt":"2015-04-07T15:58:38","guid":{"rendered":"http:\/\/www.sana.sy\/tr\/?p=28937"},"modified":"2015-04-07T18:58:38","modified_gmt":"2015-04-07T15:58:38","slug":"mikdat-suriye-ve-filistin-kurtulus-orgutu-terore-karsi-savasmakta-isararli","status":"publish","type":"post","link":"https:\/\/archive.sana.sy\/tr\/?p=28937","title":{"rendered":"Mikdat: Suriye ve Filistin Kurtulu\u015f \u00d6rg\u00fct\u00fc Ter\u00f6re Kar\u015f\u0131 Sava\u015fmakta Isararl\u0131"},"content":{"rendered":"<p>\u015eAM \u2013 D\u0131\u015fi\u015fleri ve Gurbet\u00e7iler Bakan\u0131 Yard\u0131mc\u0131s\u0131 Faysal el Mikdat, Suriye ve Filistin Kurtulu\u015f \u00d6rg\u00fct\u00fcn\u00fcn ba\u015fta Yerm\u00fck semti olmak \u00fczere Suriye&#8217;de Filistinli m\u00fcltecilerin yo\u011funluklu olarak ya\u015fad\u0131klar\u0131 semtlere uzanan ter\u00f6re kar\u015f\u0131 sava\u015fmakta \u0131srarl\u0131 olduklar\u0131n\u0131 dile getirdi.<\/p>\n<p><a href=\"http:\/\/www.sana.sy\/tr\/wp-content\/uploads\/2015\/04\/Mikdat.jpg-1.jpg\"><img loading=\"lazy\" decoding=\"async\" class=\"alignright wp-image-28939 size-medium\" src=\"http:\/\/www.sana.sy\/tr\/wp-content\/uploads\/2015\/04\/Mikdat.jpg-1-300x160.jpg\" alt=\"Mikdat.jpg 1\" width=\"300\" height=\"160\" srcset=\"https:\/\/archive.sana.sy\/tr\/wp-content\/uploads\/2015\/04\/Mikdat.jpg-1-300x160.jpg 300w, https:\/\/archive.sana.sy\/tr\/wp-content\/uploads\/2015\/04\/Mikdat.jpg-1-150x80.jpg 150w, https:\/\/archive.sana.sy\/tr\/wp-content\/uploads\/2015\/04\/Mikdat.jpg-1.jpg 620w\" sizes=\"auto, (max-width: 300px) 100vw, 300px\" \/><\/a>Filistin Kurtulu\u015f \u00d6rg\u00fct\u00fc Y\u00f6netim Kurulu \u00dcyesi Ahmet Mecdelani ba\u015fkanl\u0131\u011f\u0131ndaki Filistin Kurtulu\u015f \u00d6rg\u00fct\u00fc heyetiyle bug\u00fcn bir araya gelen Mikdat, I\u015e\u0130D ve Nusra Cephesi ter\u00f6r \u00f6rg\u00fctlerinin Yerm\u00fck semtini hedef almalar\u0131n\u0131n s\u00f6z konusu ter\u00f6r \u00f6rg\u00fctleri ile \u0130srail aras\u0131ndaki i\u015fbirli\u011fin sonu\u00e7lar\u0131ndan biri oldu\u011funu dile getirdi.<\/p>\n<p>Suriye h\u00fck\u00fcmetinin, Filistinli vatanda\u015flara insani ve t\u0131bbi yard\u0131m g\u00f6ndermek i\u00e7in b\u00fct\u00fcn imkanlar\u0131n\u0131 seferber etti\u011fine de\u011finen Mikdat, Suriye ve Filistin halklar\u0131n\u0131n d\u00f6k\u00fclen kan\u0131n\u0131n sorumlular\u0131n\u0131n ter\u00f6r\u00fc destekleyen devletler oldu\u011funun alt\u0131n\u0131 \u00e7izdi.<\/p>\n<p>Suriye&#8217;nin, Filistin halk\u0131n\u0131n hakl\u0131 m\u00fccadelesini s\u0131n\u0131rs\u0131z bir \u015fekilde desteklemeye devam etti\u011fine dikkat \u00e7eken Mikdat; Filistin halk\u0131 b\u00fct\u00fcn haklar\u0131na kavu\u015farak ba\u015fkenti Kud\u00fcs olan bir devlet kuruluncaya kadar bu deste\u011fin eksilmeden s\u00fcrece\u011fini vurgulad\u0131.<\/p>\n<p>\u00d6te yandan Filistin\u2019de ya\u015fanan son geli\u015fmelere ili\u015fkin bir anlat\u0131m sunan Mecdelani, Yerm\u00fck semtinde bulunan ter\u00f6r ma\u011fdurlar\u0131na insani yard\u0131m ula\u015ft\u0131rmak ve burada bulunan b\u00fct\u00fcn ter\u00f6ristleri defetmek amac\u0131yla Suriye ve Filistin y\u00f6netimleri aras\u0131ndaki koordinasyonun tam bir \u015fekilde s\u00fcrd\u00fc\u011f\u00fcn\u00fc vurgulad.<\/p>\n<p>F.B. &#8211; M.M.<\/p>\n","protected":false},"excerpt":{"rendered":"<p>\u015eAM \u2013 D\u0131\u015fi\u015fleri ve Gurbet\u00e7iler Bakan\u0131 Yard\u0131mc\u0131s\u0131 Faysal el Mikdat, Suriye ve Filistin Kurtulu\u015f \u00d6rg\u00fct\u00fcn\u00fcn ba\u015fta Yerm\u00fck semti olmak \u00fczere Suriye&#8217;de Filistinli m\u00fcltecilerin yo\u011funluklu olarak ya\u015fad\u0131klar\u0131 semtlere uzanan ter\u00f6re kar\u015f\u0131 sava\u015fmakta \u0131srarl\u0131 olduklar\u0131n\u0131 dile getirdi. Filistin Kurtulu\u015f \u00d6rg\u00fct\u00fc Y\u00f6netim Kurulu \u00dcyesi Ahmet Mecdelani ba\u015fkanl\u0131\u011f\u0131ndaki Filistin Kurtulu\u015f \u00d6rg\u00fct\u00fc heyetiyle bug\u00fcn bir araya gelen Mikdat, I\u015e\u0130D ve &hellip;<\/p>\n","protected":false},"author":1,"featured_media":28938,"comment_status":"closed","ping_status":"closed","sticky":false,"template":"","format":"standard","meta":{"footnotes":""},"categories":[479,478],"tags":[13373,11571,13374],"class_list":["post-28937","post","type-post","status-publish","format-standard","has-post-thumbnail","","category-haberler-yerel","category-yerel","tag-mikdat-suriye-ve-filistin-kurtulus-orgutu-terore-karsi-savasmakta-isararli","tag-sam-disisleri-ve-gurbetciler-bakani-yardimcisi-faysal-el-mikdat","tag-suriye-ve-filistin-kurtulus-orgutunun-basta-yermuk-semti-olmak-uzere-suriyede-filistinli-multecilerin-yogunluklu-olarak-yasadiklari-semtlere-uzanan-terore-karsi-savasmakta-israrli-olduklarini-dile-ge"],"_links":{"self":[{"href":"https:\/\/archive.sana.sy\/tr\/index.php?rest_route=\/wp\/v2\/posts\/28937","targetHints":{"allow":["GET"]}}],"collection":[{"href":"https:\/\/archive.sana.sy\/tr\/index.php?rest_route=\/wp\/v2\/posts"}],"about":[{"href":"https:\/\/archive.sana.sy\/tr\/index.php?rest_route=\/wp\/v2\/types\/post"}],"author":[{"embeddable":true,"href":"https:\/\/archive.sana.sy\/tr\/index.php?rest_route=\/wp\/v2\/users\/1"}],"replies":[{"embeddable":true,"href":"https:\/\/archive.sana.sy\/tr\/index.php?rest_route=%2Fwp%2Fv2%2Fcomments&post=28937"}],"version-history":[{"count":0,"href":"https:\/\/archive.sana.sy\/tr\/index.php?rest_route=\/wp\/v2\/posts\/28937\/revisions"}],"wp:featuredmedia":[{"embeddable":true,"href":"https:\/\/archive.sana.sy\/tr\/index.php?rest_route=\/wp\/v2\/media\/28938"}],"wp:attachment":[{"href":"https:\/\/archive.sana.sy\/tr\/index.php?rest_route=%2Fwp%2Fv2%2Fmedia&parent=28937"}],"wp:term":[{"taxonomy":"category","embeddable":true,"href":"https:\/\/archive.sana.sy\/tr\/index.php?rest_route=%2Fwp%2Fv2%2Fcategories&post=28937"},{"taxonomy":"post_tag","embeddable":true,"href":"https:\/\/archive.sana.sy\/tr\/index.php?rest_route=%2Fwp%2Fv2%2Ftags&post=28937"}],"curies":[{"name":"wp","href":"https:\/\/api.w.org\/{rel}","templated":true}]}}