{"id":289386,"date":"2023-10-05T17:47:10","date_gmt":"2023-10-05T14:47:10","guid":{"rendered":"https:\/\/sana.sy\/tr\/?p=289386"},"modified":"2023-10-06T08:48:04","modified_gmt":"2023-10-06T05:48:04","slug":"turkiye-saldirganligi-kamisli-ve-amuda-elektrik-santrallerini-hedef-alarak-alluk-su-istasyonunun-calismasini-durdurdu","status":"publish","type":"post","link":"https:\/\/archive.sana.sy\/tr\/?p=289386","title":{"rendered":"T\u00fcrkiye Sald\u0131rganl\u0131\u011f\u0131 Kam\u0131\u015fl\u0131 Ve Amuda Elektrik Santrallerini Hedef Alarak \u00a0Alluk Su \u0130stasyonunun \u00c7al\u0131\u015fmas\u0131n\u0131 Durdurdu"},"content":{"rendered":"<p style=\"text-align: justify;\"><strong>HASEKE 05 EK\u0130M (SANA) &#8211;<\/strong> Kuzey Kam\u0131\u015fl\u0131 ve Amuda elektrik santralleri, \u00f6\u011fleden sonra kendilerini hedef alan T\u00fcrk i\u015fgal sald\u0131r\u0131s\u0131 sonucu hizmet d\u0131\u015f\u0131 kald\u0131.<img loading=\"lazy\" decoding=\"async\" class=\"alignright\" src=\"http:\/\/sana.sy\/wp-content\/uploads\/2023\/10\/photo_2023-10-05_17-49-01-copy-300x261.jpg\" width=\"247\" height=\"215\" \/><\/p>\n<p style=\"text-align: justify;\">Haseke Elektrik \u015eirketi Genel M\u00fcd\u00fcr\u00fc Salih \u0130dris, SANA muhabirine yapt\u0131\u011f\u0131 a\u00e7\u0131klamada, valili\u011fin geni\u015f b\u00f6lgelerine elektrik sa\u011flayan iki istasyonun, T\u00fcrk sald\u0131rganl\u0131\u011f\u0131 sonucu u\u011frad\u0131klar\u0131 zarar nedeniyle hizmet d\u0131\u015f\u0131 kald\u0131\u011f\u0131n\u0131 vurgulayarak, \u015firketin, onar\u0131mlara ba\u015flamak i\u00e7in istasyonlar\u0131 incelemek ve hasar\u0131n b\u00fcy\u00fckl\u00fc\u011f\u00fcn\u00fc tespit etmek i\u00e7in durumun stabil hale gelmesini bekledi\u011fine i\u015faret etti.<\/p>\n<p style=\"text-align: justify;\">\u0130dris ayr\u0131ca, \u2018\u2019Amuda elektrik santralinin hizmet d\u0131\u015f\u0131 kalmas\u0131, Alouk su istasyonunun \u00e7al\u0131\u015fmas\u0131n\u0131n durmas\u0131na ve elektrik kesintisi nedeniyle Haseke \u015fehri halk\u0131na su pompalaman\u0131n durmas\u0131na neden oldu\u2019\u2019 ifadelerini s\u00f6zlerine ekledi.<\/p>\n<p style=\"text-align: justify;\"><a href=\"https:\/\/t.me\/SuriyeArapHaberAjansI\">Telegram Kanal\u0131m\u0131z\u00a0<\/a><\/p>\n<p style=\"text-align: justify;\"><a href=\"https:\/\/www.facebook.com\/SANAHaberAjansi\/\">Facebook Sayfam\u0131z<\/a><\/p>\n<p style=\"text-align: justify;\"><a href=\"https:\/\/twitter.com\/arap_ajans\">Twitter Hesab\u0131m\u0131z<\/a><\/p>\n","protected":false},"excerpt":{"rendered":"<p>HASEKE 05 EK\u0130M (SANA) &#8211; Kuzey Kam\u0131\u015fl\u0131 ve Amuda elektrik santralleri, \u00f6\u011fleden sonra kendilerini hedef alan T\u00fcrk i\u015fgal sald\u0131r\u0131s\u0131 sonucu hizmet d\u0131\u015f\u0131 kald\u0131. Haseke Elektrik \u015eirketi Genel M\u00fcd\u00fcr\u00fc Salih \u0130dris, SANA muhabirine yapt\u0131\u011f\u0131 a\u00e7\u0131klamada, valili\u011fin geni\u015f b\u00f6lgelerine elektrik sa\u011flayan iki istasyonun, T\u00fcrk sald\u0131rganl\u0131\u011f\u0131 sonucu u\u011frad\u0131klar\u0131 zarar nedeniyle hizmet d\u0131\u015f\u0131 kald\u0131\u011f\u0131n\u0131 vurgulayarak, \u015firketin, onar\u0131mlara ba\u015flamak i\u00e7in &hellip;<\/p>\n","protected":false},"author":1,"featured_media":289390,"comment_status":"closed","ping_status":"closed","sticky":false,"template":"","format":"standard","meta":{"footnotes":""},"categories":[479,575,17988,478],"tags":[39984],"class_list":["post-289386","post","type-post","status-publish","format-standard","has-post-thumbnail","","category-haberler-yerel","category-olaylar-ve-gercekler","category-son-haberler","category-yerel","tag-turkiye-saldirganligi-kamisli-ve-amuda-elektrik-santrallerini-hedef-alarak-alluk-su-istasyonunun-calismasini-durdurdu"],"_links":{"self":[{"href":"https:\/\/archive.sana.sy\/tr\/index.php?rest_route=\/wp\/v2\/posts\/289386","targetHints":{"allow":["GET"]}}],"collection":[{"href":"https:\/\/archive.sana.sy\/tr\/index.php?rest_route=\/wp\/v2\/posts"}],"about":[{"href":"https:\/\/archive.sana.sy\/tr\/index.php?rest_route=\/wp\/v2\/types\/post"}],"author":[{"embeddable":true,"href":"https:\/\/archive.sana.sy\/tr\/index.php?rest_route=\/wp\/v2\/users\/1"}],"replies":[{"embeddable":true,"href":"https:\/\/archive.sana.sy\/tr\/index.php?rest_route=%2Fwp%2Fv2%2Fcomments&post=289386"}],"version-history":[{"count":2,"href":"https:\/\/archive.sana.sy\/tr\/index.php?rest_route=\/wp\/v2\/posts\/289386\/revisions"}],"predecessor-version":[{"id":289391,"href":"https:\/\/archive.sana.sy\/tr\/index.php?rest_route=\/wp\/v2\/posts\/289386\/revisions\/289391"}],"wp:featuredmedia":[{"embeddable":true,"href":"https:\/\/archive.sana.sy\/tr\/index.php?rest_route=\/wp\/v2\/media\/289390"}],"wp:attachment":[{"href":"https:\/\/archive.sana.sy\/tr\/index.php?rest_route=%2Fwp%2Fv2%2Fmedia&parent=289386"}],"wp:term":[{"taxonomy":"category","embeddable":true,"href":"https:\/\/archive.sana.sy\/tr\/index.php?rest_route=%2Fwp%2Fv2%2Fcategories&post=289386"},{"taxonomy":"post_tag","embeddable":true,"href":"https:\/\/archive.sana.sy\/tr\/index.php?rest_route=%2Fwp%2Fv2%2Ftags&post=289386"}],"curies":[{"name":"wp","href":"https:\/\/api.w.org\/{rel}","templated":true}]}}