{"id":289392,"date":"2023-10-05T19:03:35","date_gmt":"2023-10-05T16:03:35","guid":{"rendered":"https:\/\/sana.sy\/tr\/?p=289392"},"modified":"2023-10-07T09:38:05","modified_gmt":"2023-10-07T06:38:05","slug":"baas-partisi-harp-okuluna-yapilan-teror-saldirisi-teroristlerin-ve-onlarin-koruyucularinin-suriyeyi-boyunduruk-altina-alma-projelerinin-basarisizliginin-bir-ifadesidir","status":"publish","type":"post","link":"https:\/\/archive.sana.sy\/tr\/?p=289392","title":{"rendered":"Baas Partisi: Harp Okulu&#8217;na Yap\u0131lan Ter\u00f6r Sald\u0131r\u0131s\u0131, Ter\u00f6ristlerin Ve Onlar\u0131n Koruyucular\u0131n\u0131n Suriye&#8217;yi Boyunduruk Alt\u0131na Alma Projelerinin Ba\u015far\u0131s\u0131zl\u0131\u011f\u0131n\u0131n Bir \u0130fadesidir"},"content":{"rendered":"<p style=\"text-align: justify;\"><strong>\u015eAM<\/strong> <strong>05 EK\u0130M (SANA) \u2013<\/strong>Arap Sosyalist Baas Partisi&#8217;nin merkezi liderli\u011fi bug\u00fcn, \u00f6\u011fleden sonra Homs&#8217;taki askeri Harp Okulu subay\u0131 \u00f6\u011frencilerinin mezuniyet t\u00f6renini hedef alan insans\u0131z hava ara\u00e7lar\u0131yla d\u00fczenlenen ter\u00f6r sald\u0131r\u0131s\u0131n\u0131 k\u0131nad\u0131.<\/p>\n<p style=\"text-align: justify;\">Merkezi Komutanl\u0131k, bir kopyas\u0131 SANA&#8217;ya ula\u015fan a\u00e7\u0131klamada \u015funlar\u0131 s\u00f6yledi: &#8220;Bu korkak\u00e7a ter\u00f6r su\u00e7u, ter\u00f6ristlerin ve onlar\u0131n koruyucular\u0131 ve destek\u00e7ilerinin, onlara ders \u00fcst\u00fcne ders veren Suriye Arap Ordusu ve Suriye Arap halk\u0131na kar\u015f\u0131 nefretini bir kez daha teyit etmektedir. &#8220;<\/p>\n<p style=\"text-align: justify;\">Merkez Komutanl\u0131\u011f\u0131, bug\u00fcn Homs Harp Okulu&#8217;nda meydana gelen korkun\u00e7\u00a0 su\u00e7unun, ter\u00f6r\u00fcn ve onu Suriye&#8217;ye kar\u015f\u0131 sald\u0131rgan \u00fclkelerden koruyanlar\u0131n, ele ald\u0131\u011f\u0131m\u0131z \u00f6nemli a\u015famalarda \u00f6fke ve \u00f6fkelerini her zamanki ter\u00f6r \u00fcslubuyla ifade ettiklerinin bir ba\u015fka kan\u0131t\u0131 oldu\u011funu belirtti.<\/p>\n<p style=\"text-align: justify;\">Liderlik, \u00a0Homs&#8217;taki Harp Okulu subaylar\u0131n\u0131n akrabalar\u0131 ve di\u011fer sivillerin huzurunda mezuniyet t\u00f6renini hedef alman\u0131n, t\u00fcm de\u011ferleri ve yasalar\u0131yla birlikte a\u011f\u0131r bir insanl\u0131k su\u00e7u oldu\u011funa dikkat \u00e7ekti.<\/p>\n<p>Liderlik a\u00e7\u0131klamas\u0131na \u015fu ekledi: &#8220;Bu korkun\u00e7 ter\u00f6r eylemleri, Suriye&#8217;yi boyunduruk alt\u0131na alma projelerinin ba\u015far\u0131s\u0131zl\u0131\u011f\u0131 nedeniyle ter\u00f6ristlere ve onlar\u0131n koruyucular\u0131na y\u00f6nelik nefretitir. Aziz \u015fehitlerimiz i\u00e7in dua etti\u011fimiz bir d\u00f6nemde, ter\u00f6r\u00fcn topraklar\u0131m\u0131zda kal\u0131nt\u0131lar\u0131na kar\u015f\u0131 geni\u015f ve kapsaml\u0131 m\u00fccadelemizi art\u0131rma kararl\u0131l\u0131\u011f\u0131m\u0131z art\u0131yor.<\/p>\n<p><a href=\"https:\/\/t.me\/SuriyeArapHaberAjansI\">Telegram Kanal\u0131m\u0131z\u00a0<\/a><\/p>\n<p><a href=\"https:\/\/www.facebook.com\/SANAHaberAjansi\/\">Facebook Sayfam\u0131z<\/a><\/p>\n<p><a href=\"https:\/\/twitter.com\/arap_ajans\">Twitter Hesab\u0131m\u0131z<\/a><\/p>\n","protected":false},"excerpt":{"rendered":"<p>\u015eAM 05 EK\u0130M (SANA) \u2013Arap Sosyalist Baas Partisi&#8217;nin merkezi liderli\u011fi bug\u00fcn, \u00f6\u011fleden sonra Homs&#8217;taki askeri Harp Okulu subay\u0131 \u00f6\u011frencilerinin mezuniyet t\u00f6renini hedef alan insans\u0131z hava ara\u00e7lar\u0131yla d\u00fczenlenen ter\u00f6r sald\u0131r\u0131s\u0131n\u0131 k\u0131nad\u0131. Merkezi Komutanl\u0131k, bir kopyas\u0131 SANA&#8217;ya ula\u015fan a\u00e7\u0131klamada \u015funlar\u0131 s\u00f6yledi: &#8220;Bu korkak\u00e7a ter\u00f6r su\u00e7u, ter\u00f6ristlerin ve onlar\u0131n koruyucular\u0131 ve destek\u00e7ilerinin, onlara ders \u00fcst\u00fcne ders veren Suriye &hellip;<\/p>\n","protected":false},"author":1,"featured_media":289393,"comment_status":"closed","ping_status":"closed","sticky":false,"template":"","format":"standard","meta":{"footnotes":""},"categories":[479,17988,478],"tags":[39985,39986],"class_list":["post-289392","post","type-post","status-publish","format-standard","has-post-thumbnail","","category-haberler-yerel","category-son-haberler","category-yerel","tag-baas-partisi-harp-okuluna-yapilan-teror-saldirisi","tag-teroristlerin-ve-onlarin-koruyucularinin-suriyeyi-boyunduruk-altina-alma-projelerinin-basarisizliginin-bir-ifadesidir"],"_links":{"self":[{"href":"https:\/\/archive.sana.sy\/tr\/index.php?rest_route=\/wp\/v2\/posts\/289392","targetHints":{"allow":["GET"]}}],"collection":[{"href":"https:\/\/archive.sana.sy\/tr\/index.php?rest_route=\/wp\/v2\/posts"}],"about":[{"href":"https:\/\/archive.sana.sy\/tr\/index.php?rest_route=\/wp\/v2\/types\/post"}],"author":[{"embeddable":true,"href":"https:\/\/archive.sana.sy\/tr\/index.php?rest_route=\/wp\/v2\/users\/1"}],"replies":[{"embeddable":true,"href":"https:\/\/archive.sana.sy\/tr\/index.php?rest_route=%2Fwp%2Fv2%2Fcomments&post=289392"}],"version-history":[{"count":2,"href":"https:\/\/archive.sana.sy\/tr\/index.php?rest_route=\/wp\/v2\/posts\/289392\/revisions"}],"predecessor-version":[{"id":289395,"href":"https:\/\/archive.sana.sy\/tr\/index.php?rest_route=\/wp\/v2\/posts\/289392\/revisions\/289395"}],"wp:featuredmedia":[{"embeddable":true,"href":"https:\/\/archive.sana.sy\/tr\/index.php?rest_route=\/wp\/v2\/media\/289393"}],"wp:attachment":[{"href":"https:\/\/archive.sana.sy\/tr\/index.php?rest_route=%2Fwp%2Fv2%2Fmedia&parent=289392"}],"wp:term":[{"taxonomy":"category","embeddable":true,"href":"https:\/\/archive.sana.sy\/tr\/index.php?rest_route=%2Fwp%2Fv2%2Fcategories&post=289392"},{"taxonomy":"post_tag","embeddable":true,"href":"https:\/\/archive.sana.sy\/tr\/index.php?rest_route=%2Fwp%2Fv2%2Ftags&post=289392"}],"curies":[{"name":"wp","href":"https:\/\/api.w.org\/{rel}","templated":true}]}}