{"id":289397,"date":"2023-10-05T19:15:47","date_gmt":"2023-10-05T16:15:47","guid":{"rendered":"https:\/\/sana.sy\/tr\/?p=289397"},"modified":"2023-10-05T20:08:14","modified_gmt":"2023-10-05T17:08:14","slug":"suriye-arap-cumhuriyeti-hukumeti-homsta-harp-okulu-ogrencilerinin-mezuniyetini-hedef-alan-teror-saldirisinda-hayatini-kaybeden-sivil-ve-askeri-sehitler-icin-3-gunluk-resmi-yas-ilan-etti","status":"publish","type":"post","link":"https:\/\/archive.sana.sy\/tr\/?p=289397","title":{"rendered":"Suriye Arap Cumhuriyeti h\u00fck\u00fcmeti, Homs&#8217;ta Harp Okulu \u00f6\u011frencilerinin mezuniyetini hedef alan ter\u00f6r sald\u0131r\u0131s\u0131nda hayat\u0131n\u0131 kaybeden sivil ve askeri \u015fehitler i\u00e7in 3 g\u00fcnl\u00fck resmi yas ilan etti"},"content":{"rendered":"","protected":false},"excerpt":{"rendered":"","protected":false},"author":1,"featured_media":0,"comment_status":"closed","ping_status":"closed","sticky":false,"template":"","format":"standard","meta":{"footnotes":""},"categories":[1],"tags":[],"class_list":["post-289397","post","type-post","status-publish","format-standard","","category-news-not-sorted"],"_links":{"self":[{"href":"https:\/\/archive.sana.sy\/tr\/index.php?rest_route=\/wp\/v2\/posts\/289397","targetHints":{"allow":["GET"]}}],"collection":[{"href":"https:\/\/archive.sana.sy\/tr\/index.php?rest_route=\/wp\/v2\/posts"}],"about":[{"href":"https:\/\/archive.sana.sy\/tr\/index.php?rest_route=\/wp\/v2\/types\/post"}],"author":[{"embeddable":true,"href":"https:\/\/archive.sana.sy\/tr\/index.php?rest_route=\/wp\/v2\/users\/1"}],"replies":[{"embeddable":true,"href":"https:\/\/archive.sana.sy\/tr\/index.php?rest_route=%2Fwp%2Fv2%2Fcomments&post=289397"}],"version-history":[{"count":1,"href":"https:\/\/archive.sana.sy\/tr\/index.php?rest_route=\/wp\/v2\/posts\/289397\/revisions"}],"predecessor-version":[{"id":289398,"href":"https:\/\/archive.sana.sy\/tr\/index.php?rest_route=\/wp\/v2\/posts\/289397\/revisions\/289398"}],"wp:attachment":[{"href":"https:\/\/archive.sana.sy\/tr\/index.php?rest_route=%2Fwp%2Fv2%2Fmedia&parent=289397"}],"wp:term":[{"taxonomy":"category","embeddable":true,"href":"https:\/\/archive.sana.sy\/tr\/index.php?rest_route=%2Fwp%2Fv2%2Fcategories&post=289397"},{"taxonomy":"post_tag","embeddable":true,"href":"https:\/\/archive.sana.sy\/tr\/index.php?rest_route=%2Fwp%2Fv2%2Ftags&post=289397"}],"curies":[{"name":"wp","href":"https:\/\/api.w.org\/{rel}","templated":true}]}}