{"id":289399,"date":"2023-10-05T20:07:42","date_gmt":"2023-10-05T17:07:42","guid":{"rendered":"https:\/\/sana.sy\/tr\/?p=289399"},"modified":"2023-10-07T09:38:08","modified_gmt":"2023-10-07T06:38:08","slug":"suriye-harp-okulu-subay-ogrencilerinin-mezuniyet-toreninin-hedef-alinmasi-sucunu-en-guclu-sekilde-kinadi","status":"publish","type":"post","link":"https:\/\/archive.sana.sy\/tr\/?p=289399","title":{"rendered":"Suriye, Harp Okulu Subay \u00d6\u011frencilerinin Mezuniyet T\u00f6reninin Hedef Al\u0131nmas\u0131 Su\u00e7unu En G\u00fc\u00e7l\u00fc \u015eekilde K\u0131nad\u0131"},"content":{"rendered":"<p style=\"text-align: justify;\"><strong>\u015eAM 05 EK\u0130M (SANA)<\/strong> &#8211; Suriye, ter\u00f6r \u00f6rg\u00fctlerinin askeri okuldaki subay \u00f6\u011frencilerinin mezuniyet t\u00f6renini y\u00fcr\u00fcy\u00fc\u015fle hedef almas\u0131n\u0131 en g\u00fc\u00e7l\u00fc \u015fekilde k\u0131nayarak, Birle\u015fmi\u015f Milletler ve G\u00fcvenlik Konseyi&#8217;ne bu korkak\u00e7a ter\u00f6r eylemini k\u0131nama ve ter\u00f6rizmi destekleyen devletleri Suriye halk\u0131na kar\u015f\u0131 i\u015flenen su\u00e7lardan sorumlu tutma \u00e7a\u011fr\u0131s\u0131nda bulundu.<\/p>\n<p style=\"text-align: justify;\">Bakanl\u0131k bug\u00fcn SANA&#8217;n\u0131n bir n\u00fcshas\u0131n\u0131 ald\u0131\u011f\u0131 a\u00e7\u0131klamada, \u201cAmerikan i\u015fgali taraf\u0131ndan desteklenen ter\u00f6r \u00f6rg\u00fctleri ve Suriyelilerin kan\u0131n\u0131n d\u00f6k\u00fclmesinde onlarla ortak olan di\u011fer uluslararas\u0131 taraflar\u0131n ger\u00e7ekle\u015ftirdi\u011fi, Suriye Arap Cumhuriyeti&#8217;nin g\u00fcvenlik ve istikrar\u0131n\u0131 istikrars\u0131zla\u015ft\u0131ran vah\u015fi ter\u00f6r sald\u0131r\u0131lar\u0131n\u0131n devam\u0131 olarak, ter\u00f6r \u00f6rg\u00fctleri, 5 Ekim 2023 Per\u015fembe g\u00fcn\u00fc \u00f6\u011fleden sonra Suriye&#8217;nin Humus kentindeki askeri okul subay \u00f6\u011frencilerinin mezuniyet t\u00f6renini patlay\u0131c\u0131 m\u00fchimmat ta\u015f\u0131yan y\u00fcr\u00fcy\u00fc\u015flerle hedef ald\u0131. Mezuniyet t\u00f6renine aileleriyle birlikte kat\u0131lan kad\u0131n ve \u00e7ocuklar ba\u015fta olmak \u00fczere aileler, \u00fcniversite \u00f6\u011frencileri ve mezunlar\u0131 aras\u0131nda \u00e7ok say\u0131da sivil ve askeri \u015fehit oldu, a\u011f\u0131r yaralanmalar da dahil olmak \u00fczere onlarca yaralanma ya\u015fand\u0131&#8221; dedi.<\/p>\n<p style=\"text-align: justify;\">Bakanl\u0131k a\u00e7\u0131klamas\u0131nda da \u015funlar\u0131 ekledi: &#8220;Suriye Arap Cumhuriyeti, faillerinin son y\u0131llarda Suriye halk\u0131n\u0131n maruz kald\u0131\u011f\u0131 vah\u015fi, kanl\u0131 ter\u00f6r yakla\u015f\u0131mlar\u0131n\u0131 s\u00fcrd\u00fcrd\u00fc\u011f\u00fcn\u00fc bir kez daha ifade eden bu menfur su\u00e7u en g\u00fc\u00e7l\u00fc ifadelerle k\u0131n\u0131yor. Bu su\u00e7 ayn\u0131 zamanda ter\u00f6r \u00f6rg\u00fctlerinin Suriye&#8217;ye y\u00f6nelik ter\u00f6r sava\u015f\u0131n\u0131 s\u00fcrd\u00fcrerek ve bu sava\u015f\u0131 uzatarak, Suriye halk\u0131n\u0131 sindirmeye \u00e7al\u0131\u015farak i\u015fletmecilerinin ve sponsorlar\u0131n\u0131n ama\u00e7lar\u0131na hizmet etmeye \u00e7al\u0131\u015ft\u0131klar\u0131n\u0131 da g\u00f6stermektedir. Bu ayn\u0131 zamanda masum Suriyelilerin kan\u0131 pahas\u0131na bu taraflar\u0131n al\u00e7ak \u00e7\u0131karlar\u0131n\u0131 ger\u00e7ekle\u015ftirmek amac\u0131yla Amerikan, \u0130srail ve T\u00fcrk g\u00fc\u00e7lerinin yasa d\u0131\u015f\u0131 varl\u0131\u011f\u0131n\u0131 s\u00fcrd\u00fcrmeye y\u00f6nelik \u00e7al\u0131\u015fmalara da i\u015faret ediyor.\u201d<\/p>\n<p style=\"text-align: justify;\">Bakanl\u0131k \u00a0ayr\u0131ca \u015f\u00f6yle devam etti: &#8221;Suriye Arap Cumhuriyeti, bu ter\u00f6r eyleminin kendisini ter\u00f6r belas\u0131n\u0131 ve destek\u00e7ilerini ortadan kald\u0131rma yolunda ilerlemekten al\u0131koymayaca\u011f\u0131n\u0131 vurguluyor. Bu ter\u00f6r \u00f6rg\u00fctlerine, Suriye Arap Cumhuriyeti topraklar\u0131n\u0131n neresinde bulunurlarsa bulunsunlar, tamamen ortadan kald\u0131r\u0131l\u0131ncaya kadar tam g\u00fc\u00e7 ve kararl\u0131l\u0131kla kar\u015f\u0131l\u0131k verecektir. Suriye, topraklar\u0131n\u0131 yasad\u0131\u015f\u0131 yabanc\u0131 askeri varl\u0131ktan ve ba\u011flant\u0131l\u0131 milislerden ve su\u00e7 \u00f6rg\u00fctlerinden kurtarma \u00e7abas\u0131n\u0131 s\u00fcrd\u00fcrecektir.&#8221;<\/p>\n<p style=\"text-align: justify;\">D\u0131\u015fi\u015fleri Bakanl\u0131\u011f\u0131 a\u00e7\u0131klamas\u0131n\u0131 \u015fu \u015fekilde bitirdi:\u00a0 &#8221;Suriye Arap Cumhuriyeti, Birle\u015fmi\u015f Milletler ve G\u00fcvenlik Konseyi&#8217;ni bu korkak\u00e7a ter\u00f6r eylemini k\u0131namaya \u00e7a\u011f\u0131r\u0131yor. Ter\u00f6rizme sponsor olan devletlerin Suriye halk\u0131na kar\u015f\u0131 i\u015fledikleri su\u00e7lardan sorumlu tutulmas\u0131n\u0131 ve ba\u015fta 1267, 1989, 2170, 2178, 2195 ve 2253 say\u0131l\u0131 Kararlar olmak \u00fczere ilgili G\u00fcvenlik Konseyi kararlar\u0131n\u0131n uygulanmas\u0131n\u0131 sa\u011flamas\u0131n\u0131 talep ediyor.&#8221;<\/p>\n<p><a href=\"https:\/\/t.me\/SuriyeArapHaberAjansI\">Telegram Kanal\u0131m\u0131z\u00a0<\/a><\/p>\n<p><a href=\"https:\/\/www.facebook.com\/SANAHaberAjansi\/\">Facebook Sayfam\u0131z<\/a><\/p>\n<p><a href=\"https:\/\/twitter.com\/arap_ajans\">Twitter Hesab\u0131m\u0131z<\/a><\/p>\n","protected":false},"excerpt":{"rendered":"<p>\u015eAM 05 EK\u0130M (SANA) &#8211; Suriye, ter\u00f6r \u00f6rg\u00fctlerinin askeri okuldaki subay \u00f6\u011frencilerinin mezuniyet t\u00f6renini y\u00fcr\u00fcy\u00fc\u015fle hedef almas\u0131n\u0131 en g\u00fc\u00e7l\u00fc \u015fekilde k\u0131nayarak, Birle\u015fmi\u015f Milletler ve G\u00fcvenlik Konseyi&#8217;ne bu korkak\u00e7a ter\u00f6r eylemini k\u0131nama ve ter\u00f6rizmi destekleyen devletleri Suriye halk\u0131na kar\u015f\u0131 i\u015flenen su\u00e7lardan sorumlu tutma \u00e7a\u011fr\u0131s\u0131nda bulundu. Bakanl\u0131k bug\u00fcn SANA&#8217;n\u0131n bir n\u00fcshas\u0131n\u0131 ald\u0131\u011f\u0131 a\u00e7\u0131klamada, \u201cAmerikan i\u015fgali taraf\u0131ndan desteklenen &hellip;<\/p>\n","protected":false},"author":1,"featured_media":289400,"comment_status":"closed","ping_status":"closed","sticky":false,"template":"","format":"standard","meta":{"footnotes":""},"categories":[479,17988,478],"tags":[],"class_list":["post-289399","post","type-post","status-publish","format-standard","has-post-thumbnail","","category-haberler-yerel","category-son-haberler","category-yerel"],"_links":{"self":[{"href":"https:\/\/archive.sana.sy\/tr\/index.php?rest_route=\/wp\/v2\/posts\/289399","targetHints":{"allow":["GET"]}}],"collection":[{"href":"https:\/\/archive.sana.sy\/tr\/index.php?rest_route=\/wp\/v2\/posts"}],"about":[{"href":"https:\/\/archive.sana.sy\/tr\/index.php?rest_route=\/wp\/v2\/types\/post"}],"author":[{"embeddable":true,"href":"https:\/\/archive.sana.sy\/tr\/index.php?rest_route=\/wp\/v2\/users\/1"}],"replies":[{"embeddable":true,"href":"https:\/\/archive.sana.sy\/tr\/index.php?rest_route=%2Fwp%2Fv2%2Fcomments&post=289399"}],"version-history":[{"count":1,"href":"https:\/\/archive.sana.sy\/tr\/index.php?rest_route=\/wp\/v2\/posts\/289399\/revisions"}],"predecessor-version":[{"id":289401,"href":"https:\/\/archive.sana.sy\/tr\/index.php?rest_route=\/wp\/v2\/posts\/289399\/revisions\/289401"}],"wp:featuredmedia":[{"embeddable":true,"href":"https:\/\/archive.sana.sy\/tr\/index.php?rest_route=\/wp\/v2\/media\/289400"}],"wp:attachment":[{"href":"https:\/\/archive.sana.sy\/tr\/index.php?rest_route=%2Fwp%2Fv2%2Fmedia&parent=289399"}],"wp:term":[{"taxonomy":"category","embeddable":true,"href":"https:\/\/archive.sana.sy\/tr\/index.php?rest_route=%2Fwp%2Fv2%2Fcategories&post=289399"},{"taxonomy":"post_tag","embeddable":true,"href":"https:\/\/archive.sana.sy\/tr\/index.php?rest_route=%2Fwp%2Fv2%2Ftags&post=289399"}],"curies":[{"name":"wp","href":"https:\/\/api.w.org\/{rel}","templated":true}]}}