{"id":289407,"date":"2023-10-06T08:49:34","date_gmt":"2023-10-06T05:49:34","guid":{"rendered":"https:\/\/sana.sy\/tr\/?p=289407"},"modified":"2023-10-06T09:00:52","modified_gmt":"2023-10-06T06:00:52","slug":"saglik-bakanligi-homsta-harp-okuluna-duzenlenen-teror-saldirisinda-sehit-sayisi-31i-kadin-5i-cocuk-89a-yukselirken-yarali-sayisi-da-277ye-ulasti","status":"publish","type":"post","link":"https:\/\/archive.sana.sy\/tr\/?p=289407","title":{"rendered":"Sa\u011fl\u0131k Bakanl\u0131\u011f\u0131: Homs&#8217;ta Harp Okulu&#8217;na d\u00fczenlenen ter\u00f6r sald\u0131r\u0131s\u0131nda \u015fehit say\u0131s\u0131 31&#8217;i kad\u0131n, 5&#8217;i \u00e7ocuk 89&#8217;a y\u00fckselirken, yaral\u0131 say\u0131s\u0131 da 277&#8217;ye ula\u015ft\u0131."},"content":{"rendered":"<p>Sa\u011fl\u0131k Bakanl\u0131\u011f\u0131: Homs&#8217;ta Harp Okulu&#8217;na d\u00fczenlenen ter\u00f6r sald\u0131r\u0131s\u0131nda \u015fehit say\u0131s\u0131 31&#8217;i kad\u0131n, 5&#8217;i \u00e7ocuk 89&#8217;a y\u00fckselirken, yaral\u0131 say\u0131s\u0131 da 277&#8217;ye ula\u015ft\u0131.<\/p>\n","protected":false},"excerpt":{"rendered":"<p>Sa\u011fl\u0131k Bakanl\u0131\u011f\u0131: Homs&#8217;ta Harp Okulu&#8217;na d\u00fczenlenen ter\u00f6r sald\u0131r\u0131s\u0131nda \u015fehit say\u0131s\u0131 31&#8217;i kad\u0131n, 5&#8217;i \u00e7ocuk 89&#8217;a y\u00fckselirken, yaral\u0131 say\u0131s\u0131 da 277&#8217;ye ula\u015ft\u0131.<\/p>\n","protected":false},"author":36,"featured_media":0,"comment_status":"closed","ping_status":"closed","sticky":false,"template":"","format":"standard","meta":{"footnotes":""},"categories":[1],"tags":[],"class_list":["post-289407","post","type-post","status-publish","format-standard","","category-news-not-sorted"],"_links":{"self":[{"href":"https:\/\/archive.sana.sy\/tr\/index.php?rest_route=\/wp\/v2\/posts\/289407","targetHints":{"allow":["GET"]}}],"collection":[{"href":"https:\/\/archive.sana.sy\/tr\/index.php?rest_route=\/wp\/v2\/posts"}],"about":[{"href":"https:\/\/archive.sana.sy\/tr\/index.php?rest_route=\/wp\/v2\/types\/post"}],"author":[{"embeddable":true,"href":"https:\/\/archive.sana.sy\/tr\/index.php?rest_route=\/wp\/v2\/users\/36"}],"replies":[{"embeddable":true,"href":"https:\/\/archive.sana.sy\/tr\/index.php?rest_route=%2Fwp%2Fv2%2Fcomments&post=289407"}],"version-history":[{"count":1,"href":"https:\/\/archive.sana.sy\/tr\/index.php?rest_route=\/wp\/v2\/posts\/289407\/revisions"}],"predecessor-version":[{"id":289408,"href":"https:\/\/archive.sana.sy\/tr\/index.php?rest_route=\/wp\/v2\/posts\/289407\/revisions\/289408"}],"wp:attachment":[{"href":"https:\/\/archive.sana.sy\/tr\/index.php?rest_route=%2Fwp%2Fv2%2Fmedia&parent=289407"}],"wp:term":[{"taxonomy":"category","embeddable":true,"href":"https:\/\/archive.sana.sy\/tr\/index.php?rest_route=%2Fwp%2Fv2%2Fcategories&post=289407"},{"taxonomy":"post_tag","embeddable":true,"href":"https:\/\/archive.sana.sy\/tr\/index.php?rest_route=%2Fwp%2Fv2%2Ftags&post=289407"}],"curies":[{"name":"wp","href":"https:\/\/api.w.org\/{rel}","templated":true}]}}