{"id":289414,"date":"2023-10-05T23:09:38","date_gmt":"2023-10-05T20:09:38","guid":{"rendered":"https:\/\/sana.sy\/tr\/?p=289414"},"modified":"2023-10-07T09:38:23","modified_gmt":"2023-10-07T06:38:23","slug":"el-mikdad-abdullahiyan-ile-bir-telefon-gorusmesinde-iran-cumhurbaskaninin-cumhurbaskani-esada-taziyelerini-iletti","status":"publish","type":"post","link":"https:\/\/archive.sana.sy\/tr\/?p=289414","title":{"rendered":"Mikdad, Abdullahiyan \u0130le Bir Telefon G\u00f6r\u00fc\u015fmesinde, \u0130ran Cumhurba\u015fkan\u0131&#8217;n\u0131n Cumhurba\u015fkan\u0131 Esad&#8217;a taziyelerini \u0130letti"},"content":{"rendered":"<p style=\"text-align: justify;\"><strong>\u015eAM<\/strong> <strong>05 EK\u0130M (SANA)<\/strong>\u2013 D\u0131\u015fi\u015fleri ve Gurbet\u00e7iler Bakan\u0131 Faysal Mikdad, \u0130ran D\u0131\u015fi\u015fleri Bakan\u0131 H\u00fcseyin Emir Abdullahiyan\u2019dan, yeni bir grup askerin mezuniyetini kutlayanlara y\u00f6nelik g\u00fcnahkar ter\u00f6r sald\u0131r\u0131s\u0131n\u0131n ard\u0131ndan \u0130ran \u0130slam Cumhuriyeti Cumhurba\u015fkan\u0131 Cumhurba\u015fkan\u0131 \u0130brahim Raisi&#8217;nin Cumhurba\u015fkan\u0131 Be\u015far Esad&#8217;a y\u00f6nelik k\u0131namas\u0131n\u0131 iletmesini isteyen bir telefon ald\u0131.<\/p>\n<p style=\"text-align: justify;\">\u0130ran Cumhurba\u015fkan\u0131 ayr\u0131ca ter\u00f6r\u00fc destekleyen ve ter\u00f6re su\u00e7 i\u015flemesi i\u00e7in geli\u015fmi\u015f donan\u0131m sa\u011flayan g\u00fc\u00e7leri ve \u00fclkeleri de k\u0131nad\u0131.<\/p>\n<p style=\"text-align: justify;\">Cumhurba\u015fkan\u0131 Reisi ayr\u0131ca bir grup sivil ve askeri personelin kayb\u0131ndan dolay\u0131 Cumhurba\u015fkan\u0131 Esad&#8217;a ve Suriye Arap Cumhuriyeti h\u00fck\u00fcmet ve halk\u0131na derin taziyelerini sunarak, bu \u015fehitlerin kanlar\u0131n\u0131n bo\u015funa olmayaca\u011f\u0131n\u0131 vurgulad\u0131.<\/p>\n<p style=\"text-align: justify;\">\u0130ran D\u0131\u015fi\u015fleri Bakan\u0131 da bu b\u00fcy\u00fck kay\u0131p nedeniyle Suriye halk\u0131na ve h\u00fck\u00fcmetine ba\u015fsa\u011fl\u0131\u011f\u0131 dileyerek, \u0130ran halk\u0131n\u0131n, halklara d\u00fc\u015fmanl\u0131\u011f\u0131yla bilinen \u00fclkelerin, uluslararas\u0131 hukuk ilkelerine ve Birle\u015fmi\u015f Milletler&#8217;in ter\u00f6rle m\u00fccadeleye y\u00f6nelik ilgili kararlar\u0131na ayk\u0131r\u0131 olarak ger\u00e7ekle\u015ftirdi\u011fi bu canice sald\u0131r\u0131lar\u0131 k\u0131nad\u0131\u011f\u0131n\u0131 ifade etti.<\/p>\n<p style=\"text-align: justify;\">Bakan Mikdad ayr\u0131ca, Suriye ve Cumhurba\u015fkan\u0131 Esad&#8217;\u0131n, Say\u0131n Cumhurba\u015fkan\u0131 Raisi&#8217;ye ve bu su\u00e7 ve korkak\u00e7a eylemi derhal k\u0131namas\u0131n\u0131 te\u015fekk\u00fcr etti\u011fini ifade ederek, Suriye ve \u0130ran&#8217;\u0131n ter\u00f6rle m\u00fccadelede, destek\u00e7ileri ve arkas\u0131ndaki \u00fclkelerle y\u00fczle\u015fmede ilerleyeceklerini vurgulad\u0131.<\/p>\n<p style=\"text-align: justify;\"><a href=\"https:\/\/t.me\/SuriyeArapHaberAjansI\">Telegram Kanal\u0131m\u0131z\u00a0<\/a><\/p>\n<p style=\"text-align: justify;\"><a href=\"https:\/\/www.facebook.com\/SANAHaberAjansi\/\">Facebook Sayfam\u0131z<\/a><\/p>\n<p style=\"text-align: justify;\"><a href=\"https:\/\/twitter.com\/arap_ajans\">Twitter Hesab\u0131m\u0131z<\/a><\/p>\n","protected":false},"excerpt":{"rendered":"<p>\u015eAM 05 EK\u0130M (SANA)\u2013 D\u0131\u015fi\u015fleri ve Gurbet\u00e7iler Bakan\u0131 Faysal Mikdad, \u0130ran D\u0131\u015fi\u015fleri Bakan\u0131 H\u00fcseyin Emir Abdullahiyan\u2019dan, yeni bir grup askerin mezuniyetini kutlayanlara y\u00f6nelik g\u00fcnahkar ter\u00f6r sald\u0131r\u0131s\u0131n\u0131n ard\u0131ndan \u0130ran \u0130slam Cumhuriyeti Cumhurba\u015fkan\u0131 Cumhurba\u015fkan\u0131 \u0130brahim Raisi&#8217;nin Cumhurba\u015fkan\u0131 Be\u015far Esad&#8217;a y\u00f6nelik k\u0131namas\u0131n\u0131 iletmesini isteyen bir telefon ald\u0131. \u0130ran Cumhurba\u015fkan\u0131 ayr\u0131ca ter\u00f6r\u00fc destekleyen ve ter\u00f6re su\u00e7 i\u015flemesi i\u00e7in geli\u015fmi\u015f &hellip;<\/p>\n","protected":false},"author":36,"featured_media":289415,"comment_status":"closed","ping_status":"closed","sticky":false,"template":"","format":"standard","meta":{"footnotes":""},"categories":[479,17988,478],"tags":[],"class_list":["post-289414","post","type-post","status-publish","format-standard","has-post-thumbnail","","category-haberler-yerel","category-son-haberler","category-yerel"],"_links":{"self":[{"href":"https:\/\/archive.sana.sy\/tr\/index.php?rest_route=\/wp\/v2\/posts\/289414","targetHints":{"allow":["GET"]}}],"collection":[{"href":"https:\/\/archive.sana.sy\/tr\/index.php?rest_route=\/wp\/v2\/posts"}],"about":[{"href":"https:\/\/archive.sana.sy\/tr\/index.php?rest_route=\/wp\/v2\/types\/post"}],"author":[{"embeddable":true,"href":"https:\/\/archive.sana.sy\/tr\/index.php?rest_route=\/wp\/v2\/users\/36"}],"replies":[{"embeddable":true,"href":"https:\/\/archive.sana.sy\/tr\/index.php?rest_route=%2Fwp%2Fv2%2Fcomments&post=289414"}],"version-history":[{"count":2,"href":"https:\/\/archive.sana.sy\/tr\/index.php?rest_route=\/wp\/v2\/posts\/289414\/revisions"}],"predecessor-version":[{"id":289501,"href":"https:\/\/archive.sana.sy\/tr\/index.php?rest_route=\/wp\/v2\/posts\/289414\/revisions\/289501"}],"wp:featuredmedia":[{"embeddable":true,"href":"https:\/\/archive.sana.sy\/tr\/index.php?rest_route=\/wp\/v2\/media\/289415"}],"wp:attachment":[{"href":"https:\/\/archive.sana.sy\/tr\/index.php?rest_route=%2Fwp%2Fv2%2Fmedia&parent=289414"}],"wp:term":[{"taxonomy":"category","embeddable":true,"href":"https:\/\/archive.sana.sy\/tr\/index.php?rest_route=%2Fwp%2Fv2%2Fcategories&post=289414"},{"taxonomy":"post_tag","embeddable":true,"href":"https:\/\/archive.sana.sy\/tr\/index.php?rest_route=%2Fwp%2Fv2%2Ftags&post=289414"}],"curies":[{"name":"wp","href":"https:\/\/api.w.org\/{rel}","templated":true}]}}