{"id":289417,"date":"2023-10-06T09:14:20","date_gmt":"2023-10-06T06:14:20","guid":{"rendered":"https:\/\/sana.sy\/tr\/?p=289417"},"modified":"2023-10-07T09:38:51","modified_gmt":"2023-10-07T06:38:51","slug":"saglik-bakanligi-homsta-harp-okuluna-duzenlenen-teror-saldirisinda-sehit-sayisi-89a-yukseldi","status":"publish","type":"post","link":"https:\/\/archive.sana.sy\/tr\/?p=289417","title":{"rendered":"Sa\u011fl\u0131k Bakanl\u0131\u011f\u0131: Homs&#8217;ta Harp Okulu&#8217;na D\u00fczenlenen Ter\u00f6r Sald\u0131r\u0131s\u0131nda \u015eehit Say\u0131s\u0131 89&#8217;a Y\u00fckseldi"},"content":{"rendered":"<p><strong>\u015eAM<\/strong> <strong>06 EK\u0130M (SANA) <\/strong>\u2013 Sa\u011fl\u0131k Bakanl\u0131\u011f\u0131, Homs&#8217;ta askeri okulu subay \u00f6\u011frencilerinin mezuniyet t\u00f6renini hedef alan ter\u00f6r sald\u0131r\u0131s\u0131nda \u015fehit say\u0131s\u0131n\u0131n 31&#8217;i kad\u0131n, 5&#8217;i \u00e7ocuk olmak \u00fczere 89 \u015fehit\u2019e y\u00fckseldi\u011fini a\u00e7\u0131klad\u0131.<\/p>\n<p>Bakanl\u0131k, resmi Telegram kanal\u0131ndan yapt\u0131\u011f\u0131 duyuruda yaral\u0131lar\u0131n say\u0131s\u0131 277&#8217;ye ula\u015ft\u0131\u011f\u0131n\u0131 belirtti.<\/p>\n<p><a href=\"https:\/\/t.me\/SuriyeArapHaberAjansI\">Telegram Kanal\u0131m\u0131z\u00a0<\/a><\/p>\n<p><a href=\"https:\/\/www.facebook.com\/SANAHaberAjansi\/\">Facebook Sayfam\u0131z<\/a><\/p>\n<p><a href=\"https:\/\/twitter.com\/arap_ajans\">Twitter Hesab\u0131m\u0131z<\/a><\/p>\n","protected":false},"excerpt":{"rendered":"<p>\u015eAM 06 EK\u0130M (SANA) \u2013 Sa\u011fl\u0131k Bakanl\u0131\u011f\u0131, Homs&#8217;ta askeri okulu subay \u00f6\u011frencilerinin mezuniyet t\u00f6renini hedef alan ter\u00f6r sald\u0131r\u0131s\u0131nda \u015fehit say\u0131s\u0131n\u0131n 31&#8217;i kad\u0131n, 5&#8217;i \u00e7ocuk olmak \u00fczere 89 \u015fehit\u2019e y\u00fckseldi\u011fini a\u00e7\u0131klad\u0131. Bakanl\u0131k, resmi Telegram kanal\u0131ndan yapt\u0131\u011f\u0131 duyuruda yaral\u0131lar\u0131n say\u0131s\u0131 277&#8217;ye ula\u015ft\u0131\u011f\u0131n\u0131 belirtti. Telegram Kanal\u0131m\u0131z\u00a0 Facebook Sayfam\u0131z Twitter Hesab\u0131m\u0131z<\/p>\n","protected":false},"author":36,"featured_media":289418,"comment_status":"closed","ping_status":"closed","sticky":false,"template":"","format":"standard","meta":{"footnotes":""},"categories":[479,17988,478],"tags":[],"class_list":["post-289417","post","type-post","status-publish","format-standard","has-post-thumbnail","","category-haberler-yerel","category-son-haberler","category-yerel"],"_links":{"self":[{"href":"https:\/\/archive.sana.sy\/tr\/index.php?rest_route=\/wp\/v2\/posts\/289417","targetHints":{"allow":["GET"]}}],"collection":[{"href":"https:\/\/archive.sana.sy\/tr\/index.php?rest_route=\/wp\/v2\/posts"}],"about":[{"href":"https:\/\/archive.sana.sy\/tr\/index.php?rest_route=\/wp\/v2\/types\/post"}],"author":[{"embeddable":true,"href":"https:\/\/archive.sana.sy\/tr\/index.php?rest_route=\/wp\/v2\/users\/36"}],"replies":[{"embeddable":true,"href":"https:\/\/archive.sana.sy\/tr\/index.php?rest_route=%2Fwp%2Fv2%2Fcomments&post=289417"}],"version-history":[{"count":2,"href":"https:\/\/archive.sana.sy\/tr\/index.php?rest_route=\/wp\/v2\/posts\/289417\/revisions"}],"predecessor-version":[{"id":289448,"href":"https:\/\/archive.sana.sy\/tr\/index.php?rest_route=\/wp\/v2\/posts\/289417\/revisions\/289448"}],"wp:featuredmedia":[{"embeddable":true,"href":"https:\/\/archive.sana.sy\/tr\/index.php?rest_route=\/wp\/v2\/media\/289418"}],"wp:attachment":[{"href":"https:\/\/archive.sana.sy\/tr\/index.php?rest_route=%2Fwp%2Fv2%2Fmedia&parent=289417"}],"wp:term":[{"taxonomy":"category","embeddable":true,"href":"https:\/\/archive.sana.sy\/tr\/index.php?rest_route=%2Fwp%2Fv2%2Fcategories&post=289417"},{"taxonomy":"post_tag","embeddable":true,"href":"https:\/\/archive.sana.sy\/tr\/index.php?rest_route=%2Fwp%2Fv2%2Ftags&post=289417"}],"curies":[{"name":"wp","href":"https:\/\/api.w.org\/{rel}","templated":true}]}}