{"id":289420,"date":"2023-10-06T08:16:51","date_gmt":"2023-10-06T05:16:51","guid":{"rendered":"https:\/\/sana.sy\/tr\/?p=289420"},"modified":"2023-10-07T09:38:49","modified_gmt":"2023-10-07T06:38:49","slug":"venezuela-homstaki-harp-okuluna-duzenlenen-teror-saldirisini-siddetle-kinadi","status":"publish","type":"post","link":"https:\/\/archive.sana.sy\/tr\/?p=289420","title":{"rendered":"Venezuela, Homs&#8217;taki Harp Okuluna D\u00fczenlenen Ter\u00f6r Sald\u0131r\u0131s\u0131n\u0131 \u015eiddetle K\u0131nad\u0131"},"content":{"rendered":"<p style=\"text-align: justify;\"><strong>KARAKAS<\/strong> <strong>06 EK\u0130M (SANA)<\/strong>\u2013 Venezuela h\u00fck\u00fcmeti, Homs&#8217;taki askeri okulu subaylar\u0131n\u0131n mezuniyet t\u00f6renini hedef alan ter\u00f6r sald\u0131r\u0131s\u0131n\u0131 \u015fiddetle k\u0131nad\u0131.<\/p>\n<p style=\"text-align: justify;\">Venezuela D\u0131\u015fi\u015fleri Bakanl\u0131\u011f\u0131&#8217;ndan yap\u0131lan a\u00e7\u0131klamaya g\u00f6re Venezuela h\u00fck\u00fcmeti, Suriye&#8217;de mutlak bar\u0131\u015f\u0131n h\u0131zla yay\u0131lmas\u0131n\u0131 umarak \u015fehit ailelerine ba\u015fsa\u011fl\u0131\u011f\u0131 dileklerini iletti.<\/p>\n<p style=\"text-align: justify;\">A\u00e7\u0131klamada, Venezuela&#8217;n\u0131n Suriye halk\u0131n\u0131 \u00fczen ve bir\u00e7ok Suriyeli aileyi derinden etkileyen bu sald\u0131r\u0131lar\u0131 reddetti\u011fi ifade edildi.<\/p>\n<p style=\"text-align: justify;\"><a href=\"https:\/\/t.me\/SuriyeArapHaberAjansI\">Telegram Kanal\u0131m\u0131z\u00a0<\/a><\/p>\n<p style=\"text-align: justify;\"><a href=\"https:\/\/www.facebook.com\/SANAHaberAjansi\/\">Facebook Sayfam\u0131z<\/a><\/p>\n<p style=\"text-align: justify;\"><a href=\"https:\/\/twitter.com\/arap_ajans\">Twitter Hesab\u0131m\u0131z<\/a><\/p>\n","protected":false},"excerpt":{"rendered":"<p>KARAKAS 06 EK\u0130M (SANA)\u2013 Venezuela h\u00fck\u00fcmeti, Homs&#8217;taki askeri okulu subaylar\u0131n\u0131n mezuniyet t\u00f6renini hedef alan ter\u00f6r sald\u0131r\u0131s\u0131n\u0131 \u015fiddetle k\u0131nad\u0131. Venezuela D\u0131\u015fi\u015fleri Bakanl\u0131\u011f\u0131&#8217;ndan yap\u0131lan a\u00e7\u0131klamaya g\u00f6re Venezuela h\u00fck\u00fcmeti, Suriye&#8217;de mutlak bar\u0131\u015f\u0131n h\u0131zla yay\u0131lmas\u0131n\u0131 umarak \u015fehit ailelerine ba\u015fsa\u011fl\u0131\u011f\u0131 dileklerini iletti. A\u00e7\u0131klamada, Venezuela&#8217;n\u0131n Suriye halk\u0131n\u0131 \u00fczen ve bir\u00e7ok Suriyeli aileyi derinden etkileyen bu sald\u0131r\u0131lar\u0131 reddetti\u011fi ifade edildi. Telegram Kanal\u0131m\u0131z\u00a0 &hellip;<\/p>\n","protected":false},"author":36,"featured_media":289421,"comment_status":"closed","ping_status":"closed","sticky":false,"template":"","format":"standard","meta":{"footnotes":""},"categories":[458,459,17988],"tags":[39997,39996],"class_list":["post-289420","post","type-post","status-publish","format-standard","has-post-thumbnail","","category-dunya1","category-haberler-arap-uluslararasi-politika","category-son-haberler","tag-homstaki-askeri-okulu-subaylarinin-mezuniyet-torenini-hedef-alan-teror-saldirisini-siddetle-kinadi","tag-venezuela-hukumeti"],"_links":{"self":[{"href":"https:\/\/archive.sana.sy\/tr\/index.php?rest_route=\/wp\/v2\/posts\/289420","targetHints":{"allow":["GET"]}}],"collection":[{"href":"https:\/\/archive.sana.sy\/tr\/index.php?rest_route=\/wp\/v2\/posts"}],"about":[{"href":"https:\/\/archive.sana.sy\/tr\/index.php?rest_route=\/wp\/v2\/types\/post"}],"author":[{"embeddable":true,"href":"https:\/\/archive.sana.sy\/tr\/index.php?rest_route=\/wp\/v2\/users\/36"}],"replies":[{"embeddable":true,"href":"https:\/\/archive.sana.sy\/tr\/index.php?rest_route=%2Fwp%2Fv2%2Fcomments&post=289420"}],"version-history":[{"count":3,"href":"https:\/\/archive.sana.sy\/tr\/index.php?rest_route=\/wp\/v2\/posts\/289420\/revisions"}],"predecessor-version":[{"id":289479,"href":"https:\/\/archive.sana.sy\/tr\/index.php?rest_route=\/wp\/v2\/posts\/289420\/revisions\/289479"}],"wp:featuredmedia":[{"embeddable":true,"href":"https:\/\/archive.sana.sy\/tr\/index.php?rest_route=\/wp\/v2\/media\/289421"}],"wp:attachment":[{"href":"https:\/\/archive.sana.sy\/tr\/index.php?rest_route=%2Fwp%2Fv2%2Fmedia&parent=289420"}],"wp:term":[{"taxonomy":"category","embeddable":true,"href":"https:\/\/archive.sana.sy\/tr\/index.php?rest_route=%2Fwp%2Fv2%2Fcategories&post=289420"},{"taxonomy":"post_tag","embeddable":true,"href":"https:\/\/archive.sana.sy\/tr\/index.php?rest_route=%2Fwp%2Fv2%2Ftags&post=289420"}],"curies":[{"name":"wp","href":"https:\/\/api.w.org\/{rel}","templated":true}]}}