{"id":289434,"date":"2023-10-06T11:07:25","date_gmt":"2023-10-06T08:07:25","guid":{"rendered":"https:\/\/sana.sy\/tr\/?p=289434"},"modified":"2023-10-08T14:33:58","modified_gmt":"2023-10-08T11:33:58","slug":"cumhurbaskani-esad-belarus-cumhurbaskanindan-homstaki-harp-okuluna-duzenlenen-teror-saldirisinda-sehit-olanlar-icin-taziye-telgrafi-aldi","status":"publish","type":"post","link":"https:\/\/archive.sana.sy\/tr\/?p=289434","title":{"rendered":"Cumhurba\u015fkan\u0131 Esad, Belarus Cumhurba\u015fkan\u0131&#8217;ndan Homs&#8217;taki Harp Okulu&#8217;na D\u00fczenlenen Ter\u00f6r Sald\u0131r\u0131s\u0131nda \u015eehit Olanlar \u0130\u00e7in Taziye Telgraf\u0131 Ald\u0131"},"content":{"rendered":"<p><strong>\u015eAM<\/strong> <strong>06 EK\u0130M (SANA) <\/strong>\u2013 Cumhurba\u015fkan\u0131 Be\u015far Esad, Belarus Devlet Ba\u015fkan\u0131 Aleksandr Luka\u015fenko&#8217;dan, Homs&#8217;taki askeri okulu subay \u00f6\u011frencilerinin mezuniyet t\u00f6renini hedef alan ter\u00f6r sald\u0131r\u0131s\u0131nda \u015fehit olanlara ili\u015fkin taziye mesaj\u0131 ald\u0131.<\/p>\n<p>Cumhurba\u015fkan\u0131 Luka\u015fenko Telgrafta, Belarus Cumhuriyeti&#8217;nin, Homs&#8217;taki askeri Okul subay\u0131 \u00f6\u011frencilerinin mezuniyet t\u00f6renine d\u00fczenlenen su\u00e7 niteli\u011findeki sald\u0131r\u0131y\u0131 m\u00fcmk\u00fcn olan en g\u00fc\u00e7l\u00fc \u015fekilde k\u0131nad\u0131\u011f\u0131n\u0131 ifade etti.<\/p>\n<p>Taziye mesaj\u0131nda \u200b\u200b\u015fu ifadelere yer verildi: &#8221; bu anlams\u0131z su\u00e7, Anavatanlar\u0131n\u0131n \u00e7\u0131karlar\u0131n\u0131 savunmak ve onu bar\u0131\u015f\u00e7\u0131l bir hayata d\u00f6nd\u00fcrmeyi ama\u00e7layan bu gen\u00e7 Suriyelilerin hayatlar\u0131na son verdi&#8221;<\/p>\n<p>Cumhurba\u015fkan\u0131 Lukashenko, ter\u00f6rizmin t\u00fcm bi\u00e7imleri ve tezah\u00fcrleriyle hakl\u0131 g\u00f6sterilemeyece\u011fini ve uluslararas\u0131 toplum taraf\u0131ndan g\u00f6zden ka\u00e7\u0131r\u0131lmamas\u0131 gerekti\u011fini vurgulad\u0131.<\/p>\n<p>Cumhurba\u015fkan\u0131 Luka\u015fenko: &#8220;Bu zor anda Suriye&#8217;deki karde\u015f halk\u0131n ac\u0131s\u0131n\u0131 \u00e7ekiyor, ma\u011fdurlar\u0131n ailelerine destek ve ba\u015fsa\u011fl\u0131\u011f\u0131 diliyor, yaral\u0131lara da acil \u015fifalar diliyoruz.&#8221;<\/p>\n<p><a href=\"https:\/\/t.me\/SuriyeArapHaberAjansI\">Telegram Kanal\u0131m\u0131z\u00a0<\/a><\/p>\n<p><a href=\"https:\/\/www.facebook.com\/SANAHaberAjansi\/\">Facebook Sayfam\u0131z<\/a><\/p>\n<p><a href=\"https:\/\/twitter.com\/arap_ajans\">Twitter Hesab\u0131m\u0131z<\/a><\/p>\n","protected":false},"excerpt":{"rendered":"<p>\u015eAM 06 EK\u0130M (SANA) \u2013 Cumhurba\u015fkan\u0131 Be\u015far Esad, Belarus Devlet Ba\u015fkan\u0131 Aleksandr Luka\u015fenko&#8217;dan, Homs&#8217;taki askeri okulu subay \u00f6\u011frencilerinin mezuniyet t\u00f6renini hedef alan ter\u00f6r sald\u0131r\u0131s\u0131nda \u015fehit olanlara ili\u015fkin taziye mesaj\u0131 ald\u0131. Cumhurba\u015fkan\u0131 Luka\u015fenko Telgrafta, Belarus Cumhuriyeti&#8217;nin, Homs&#8217;taki askeri Okul subay\u0131 \u00f6\u011frencilerinin mezuniyet t\u00f6renine d\u00fczenlenen su\u00e7 niteli\u011findeki sald\u0131r\u0131y\u0131 m\u00fcmk\u00fcn olan en g\u00fc\u00e7l\u00fc \u015fekilde k\u0131nad\u0131\u011f\u0131n\u0131 ifade etti. Taziye &hellip;<\/p>\n","protected":false},"author":36,"featured_media":289435,"comment_status":"closed","ping_status":"closed","sticky":false,"template":"","format":"standard","meta":{"footnotes":""},"categories":[605,17988,613],"tags":[],"class_list":["post-289434","post","type-post","status-publish","format-standard","has-post-thumbnail","","category-sayin-cumhurbaskani","category-son-haberler","category-telgraflar"],"_links":{"self":[{"href":"https:\/\/archive.sana.sy\/tr\/index.php?rest_route=\/wp\/v2\/posts\/289434","targetHints":{"allow":["GET"]}}],"collection":[{"href":"https:\/\/archive.sana.sy\/tr\/index.php?rest_route=\/wp\/v2\/posts"}],"about":[{"href":"https:\/\/archive.sana.sy\/tr\/index.php?rest_route=\/wp\/v2\/types\/post"}],"author":[{"embeddable":true,"href":"https:\/\/archive.sana.sy\/tr\/index.php?rest_route=\/wp\/v2\/users\/36"}],"replies":[{"embeddable":true,"href":"https:\/\/archive.sana.sy\/tr\/index.php?rest_route=%2Fwp%2Fv2%2Fcomments&post=289434"}],"version-history":[{"count":3,"href":"https:\/\/archive.sana.sy\/tr\/index.php?rest_route=\/wp\/v2\/posts\/289434\/revisions"}],"predecessor-version":[{"id":289446,"href":"https:\/\/archive.sana.sy\/tr\/index.php?rest_route=\/wp\/v2\/posts\/289434\/revisions\/289446"}],"wp:featuredmedia":[{"embeddable":true,"href":"https:\/\/archive.sana.sy\/tr\/index.php?rest_route=\/wp\/v2\/media\/289435"}],"wp:attachment":[{"href":"https:\/\/archive.sana.sy\/tr\/index.php?rest_route=%2Fwp%2Fv2%2Fmedia&parent=289434"}],"wp:term":[{"taxonomy":"category","embeddable":true,"href":"https:\/\/archive.sana.sy\/tr\/index.php?rest_route=%2Fwp%2Fv2%2Fcategories&post=289434"},{"taxonomy":"post_tag","embeddable":true,"href":"https:\/\/archive.sana.sy\/tr\/index.php?rest_route=%2Fwp%2Fv2%2Ftags&post=289434"}],"curies":[{"name":"wp","href":"https:\/\/api.w.org\/{rel}","templated":true}]}}