{"id":289437,"date":"2023-10-06T11:17:47","date_gmt":"2023-10-06T08:17:47","guid":{"rendered":"https:\/\/sana.sy\/tr\/?p=289437"},"modified":"2023-10-06T11:25:22","modified_gmt":"2023-10-06T08:25:22","slug":"hama-emniyet-mudurlugunden-bir-kaynak-teror-orgutlerinin-hama-kirsalindaki-curin-beldesine-fuzelerle-hedef-almasi-sonucu-2-sivil-yaralandi","status":"publish","type":"post","link":"https:\/\/archive.sana.sy\/tr\/?p=289437","title":{"rendered":"Hama Emniyet M\u00fcd\u00fcrl\u00fc\u011f\u00fcnden bir kaynak: Ter\u00f6r \u00f6rg\u00fctlerinin Hama k\u0131rsal\u0131ndaki C\u00fcrin beldesine f\u00fczelerle hedef almas\u0131 sonucu 2 sivil yaraland\u0131."},"content":{"rendered":"<p>Hama Emniyet M\u00fcd\u00fcrl\u00fc\u011f\u00fcnden bir kaynak: Ter\u00f6r \u00f6rg\u00fctlerinin Hama k\u0131rsal\u0131ndaki C\u00fcrin beldesine f\u00fczelerle hedef almas\u0131 sonucu 2 sivil yaraland\u0131.<\/p>\n","protected":false},"excerpt":{"rendered":"<p>Hama Emniyet M\u00fcd\u00fcrl\u00fc\u011f\u00fcnden bir kaynak: Ter\u00f6r \u00f6rg\u00fctlerinin Hama k\u0131rsal\u0131ndaki C\u00fcrin beldesine f\u00fczelerle hedef almas\u0131 sonucu 2 sivil yaraland\u0131.<\/p>\n","protected":false},"author":36,"featured_media":0,"comment_status":"closed","ping_status":"closed","sticky":false,"template":"","format":"standard","meta":{"footnotes":""},"categories":[1],"tags":[],"class_list":["post-289437","post","type-post","status-publish","format-standard","","category-news-not-sorted"],"_links":{"self":[{"href":"https:\/\/archive.sana.sy\/tr\/index.php?rest_route=\/wp\/v2\/posts\/289437","targetHints":{"allow":["GET"]}}],"collection":[{"href":"https:\/\/archive.sana.sy\/tr\/index.php?rest_route=\/wp\/v2\/posts"}],"about":[{"href":"https:\/\/archive.sana.sy\/tr\/index.php?rest_route=\/wp\/v2\/types\/post"}],"author":[{"embeddable":true,"href":"https:\/\/archive.sana.sy\/tr\/index.php?rest_route=\/wp\/v2\/users\/36"}],"replies":[{"embeddable":true,"href":"https:\/\/archive.sana.sy\/tr\/index.php?rest_route=%2Fwp%2Fv2%2Fcomments&post=289437"}],"version-history":[{"count":1,"href":"https:\/\/archive.sana.sy\/tr\/index.php?rest_route=\/wp\/v2\/posts\/289437\/revisions"}],"predecessor-version":[{"id":289438,"href":"https:\/\/archive.sana.sy\/tr\/index.php?rest_route=\/wp\/v2\/posts\/289437\/revisions\/289438"}],"wp:attachment":[{"href":"https:\/\/archive.sana.sy\/tr\/index.php?rest_route=%2Fwp%2Fv2%2Fmedia&parent=289437"}],"wp:term":[{"taxonomy":"category","embeddable":true,"href":"https:\/\/archive.sana.sy\/tr\/index.php?rest_route=%2Fwp%2Fv2%2Fcategories&post=289437"},{"taxonomy":"post_tag","embeddable":true,"href":"https:\/\/archive.sana.sy\/tr\/index.php?rest_route=%2Fwp%2Fv2%2Ftags&post=289437"}],"curies":[{"name":"wp","href":"https:\/\/api.w.org\/{rel}","templated":true}]}}