{"id":289439,"date":"2023-10-06T12:00:15","date_gmt":"2023-10-06T09:00:15","guid":{"rendered":"https:\/\/sana.sy\/tr\/?p=289439"},"modified":"2023-10-08T14:34:08","modified_gmt":"2023-10-08T11:34:08","slug":"cumhurbaskani-esad-homstaki-harp-okuluna-duzenlenen-teror-saldirisinda-sehit-olanlara-iliskin-baskan-putinden-taziye-telgrafi-aldi","status":"publish","type":"post","link":"https:\/\/archive.sana.sy\/tr\/?p=289439","title":{"rendered":"Cumhurba\u015fkan\u0131 Esad, Homs&#8217;taki Harp Okulu&#8217;na D\u00fczenlenen Ter\u00f6r Sald\u0131r\u0131s\u0131nda \u015eehit Olanlara \u0130li\u015fkin Ba\u015fkan Putin&#8217;den Taziye Telgraf\u0131 Ald\u0131"},"content":{"rendered":"<p style=\"text-align: justify;\"><strong>MOSKOVA<\/strong> <strong>06 EK\u0130M (SANA)<\/strong> \u2013 Cumhurba\u015fkan\u0131 Be\u015f\u015far Esad, Homs&#8217;taki askeri Okulu subay \u00f6\u011frencilerinin mezuniyet t\u00f6renini hedef alan ter\u00f6r sald\u0131r\u0131s\u0131nda \u015fehit olanlara ili\u015fkin Rusya Devlet Ba\u015fkan\u0131 Vladimir Putin&#8217;den taziye mesaj\u0131 ald\u0131.<\/p>\n<p style=\"text-align: justify;\">Ba\u015fkan Putin, Kremlin&#8217;in internet sitesinde bug\u00fcn yay\u0131nlanan telgrafta: &#8220;Kad\u0131n ve \u00e7ocuklar\u0131n da aralar\u0131nda bulundu\u011fu \u00e7ok say\u0131da ma\u011fdurla sonu\u00e7lanan bu vah\u015fi su\u00e7u \u015fiddetle k\u0131n\u0131yor ve faillerinin hak ettikleri cezay\u0131 almas\u0131n\u0131 umuyoruz&#8221; diyerek, kurbanlar\u0131n ailelerine i\u00e7ten taziye, sempati ve desteklerini ifade ederek, yaral\u0131lara acil \u015fifalar diliyoruz\u201d dedi.<\/p>\n<p style=\"text-align: justify;\">Ba\u015fkan Putin ayr\u0131ca, \u00fclkesinin ter\u00f6rizmin her t\u00fcrl\u00fc bi\u00e7imi ve tezah\u00fcr\u00fcne kar\u015f\u0131 m\u00fccadelede Suriye devletiyle yak\u0131n i\u015fbirli\u011fini s\u00fcrd\u00fcrme kararl\u0131l\u0131\u011f\u0131n\u0131 kaydetti.<\/p>\n<p style=\"text-align: justify;\"><a href=\"https:\/\/t.me\/SuriyeArapHaberAjansI\">Telegram Kanal\u0131m\u0131z\u00a0<\/a><\/p>\n<p style=\"text-align: justify;\"><a href=\"https:\/\/www.facebook.com\/SANAHaberAjansi\/\">Facebook Sayfam\u0131z<\/a><\/p>\n<p style=\"text-align: justify;\"><a href=\"https:\/\/twitter.com\/arap_ajans\">Twitter Hesab\u0131m\u0131z<\/a><\/p>\n","protected":false},"excerpt":{"rendered":"<p>MOSKOVA 06 EK\u0130M (SANA) \u2013 Cumhurba\u015fkan\u0131 Be\u015f\u015far Esad, Homs&#8217;taki askeri Okulu subay \u00f6\u011frencilerinin mezuniyet t\u00f6renini hedef alan ter\u00f6r sald\u0131r\u0131s\u0131nda \u015fehit olanlara ili\u015fkin Rusya Devlet Ba\u015fkan\u0131 Vladimir Putin&#8217;den taziye mesaj\u0131 ald\u0131. Ba\u015fkan Putin, Kremlin&#8217;in internet sitesinde bug\u00fcn yay\u0131nlanan telgrafta: &#8220;Kad\u0131n ve \u00e7ocuklar\u0131n da aralar\u0131nda bulundu\u011fu \u00e7ok say\u0131da ma\u011fdurla sonu\u00e7lanan bu vah\u015fi su\u00e7u \u015fiddetle k\u0131n\u0131yor ve faillerinin &hellip;<\/p>\n","protected":false},"author":36,"featured_media":289451,"comment_status":"closed","ping_status":"closed","sticky":false,"template":"","format":"standard","meta":{"footnotes":""},"categories":[605,17988,613],"tags":[],"class_list":["post-289439","post","type-post","status-publish","format-standard","has-post-thumbnail","","category-sayin-cumhurbaskani","category-son-haberler","category-telgraflar"],"_links":{"self":[{"href":"https:\/\/archive.sana.sy\/tr\/index.php?rest_route=\/wp\/v2\/posts\/289439","targetHints":{"allow":["GET"]}}],"collection":[{"href":"https:\/\/archive.sana.sy\/tr\/index.php?rest_route=\/wp\/v2\/posts"}],"about":[{"href":"https:\/\/archive.sana.sy\/tr\/index.php?rest_route=\/wp\/v2\/types\/post"}],"author":[{"embeddable":true,"href":"https:\/\/archive.sana.sy\/tr\/index.php?rest_route=\/wp\/v2\/users\/36"}],"replies":[{"embeddable":true,"href":"https:\/\/archive.sana.sy\/tr\/index.php?rest_route=%2Fwp%2Fv2%2Fcomments&post=289439"}],"version-history":[{"count":5,"href":"https:\/\/archive.sana.sy\/tr\/index.php?rest_route=\/wp\/v2\/posts\/289439\/revisions"}],"predecessor-version":[{"id":289474,"href":"https:\/\/archive.sana.sy\/tr\/index.php?rest_route=\/wp\/v2\/posts\/289439\/revisions\/289474"}],"wp:featuredmedia":[{"embeddable":true,"href":"https:\/\/archive.sana.sy\/tr\/index.php?rest_route=\/wp\/v2\/media\/289451"}],"wp:attachment":[{"href":"https:\/\/archive.sana.sy\/tr\/index.php?rest_route=%2Fwp%2Fv2%2Fmedia&parent=289439"}],"wp:term":[{"taxonomy":"category","embeddable":true,"href":"https:\/\/archive.sana.sy\/tr\/index.php?rest_route=%2Fwp%2Fv2%2Fcategories&post=289439"},{"taxonomy":"post_tag","embeddable":true,"href":"https:\/\/archive.sana.sy\/tr\/index.php?rest_route=%2Fwp%2Fv2%2Ftags&post=289439"}],"curies":[{"name":"wp","href":"https:\/\/api.w.org\/{rel}","templated":true}]}}