{"id":289454,"date":"2023-10-06T08:15:47","date_gmt":"2023-10-06T05:15:47","guid":{"rendered":"https:\/\/sana.sy\/tr\/?p=289454"},"modified":"2023-10-07T09:38:26","modified_gmt":"2023-10-07T06:38:26","slug":"curin-beldesine-duzenlenen-teror-saldirisi-sonucu-2-sivil-yaralandi","status":"publish","type":"post","link":"https:\/\/archive.sana.sy\/tr\/?p=289454","title":{"rendered":"Curin Beldesine D\u00fczenlenen Ter\u00f6r Sald\u0131r\u0131s\u0131 Sonucu 2 Sivil Yaraland\u0131"},"content":{"rendered":"<p><strong>HAMA<\/strong> <strong>06 EK\u0130M (SANA) <\/strong>\u2013 Ter\u00f6r \u00f6rg\u00fctlerinin Hama k\u0131rsal\u0131ndaki C\u00fcrin beldesini \u00e7ok say\u0131da roketatarla hedef almas\u0131 sonucu 2 sivil yaraland\u0131.<\/p>\n<p>Hama Emniyet M\u00fcd\u00fcrl\u00fc\u011f\u00fcnden bir kaynak SANA muhabirine, \u0130dlib k\u0131rsal\u0131nda konu\u015flu ter\u00f6r \u00f6rg\u00fctlerinin bu sabah Hama k\u0131rsal\u0131ndaki g\u00fcvenli b\u00f6lgelere \u00e7ok say\u0131da roketle sald\u0131rd\u0131\u011f\u0131n\u0131 belirtirken, bunun sonucunda Hama \u015fehrinin kuzeybat\u0131s\u0131ndaki El \u011eab Ovas\u0131&#8217;ndaki C\u00fcrin beldesinde iki sivil yaraland\u0131\u011f\u0131na i\u015faret etti.<\/p>\n<p>Bu kapsamda Hama SANA muhabiri, ter\u00f6r \u00f6rg\u00fctlerinin son saatlerde Hama&#8217;n\u0131n kuzey ve kuzeybat\u0131 k\u0131rsal\u0131ndaki \u00e7ok say\u0131da k\u00f6y ve beldeye y\u00f6nelik roketli el bomba ve \u0130HA\u2019lar\u0131yla sald\u0131r\u0131lar\u0131n\u0131 yo\u011funla\u015ft\u0131rd\u0131\u011f\u0131n\u0131 belirtirken, kamu ve \u00f6zel m\u00fclklere zarar verdi\u011fine dikkat \u00e7ekti.<\/p>\n<p><a href=\"https:\/\/t.me\/SuriyeArapHaberAjansI\">Telegram Kanal\u0131m\u0131z\u00a0<\/a><\/p>\n<p><a href=\"https:\/\/www.facebook.com\/SANAHaberAjansi\/\">Facebook Sayfam\u0131z<\/a><\/p>\n<p><a href=\"https:\/\/twitter.com\/arap_ajans\">Twitter Hesab\u0131m\u0131z<\/a><\/p>\n","protected":false},"excerpt":{"rendered":"<p>HAMA 06 EK\u0130M (SANA) \u2013 Ter\u00f6r \u00f6rg\u00fctlerinin Hama k\u0131rsal\u0131ndaki C\u00fcrin beldesini \u00e7ok say\u0131da roketatarla hedef almas\u0131 sonucu 2 sivil yaraland\u0131. Hama Emniyet M\u00fcd\u00fcrl\u00fc\u011f\u00fcnden bir kaynak SANA muhabirine, \u0130dlib k\u0131rsal\u0131nda konu\u015flu ter\u00f6r \u00f6rg\u00fctlerinin bu sabah Hama k\u0131rsal\u0131ndaki g\u00fcvenli b\u00f6lgelere \u00e7ok say\u0131da roketle sald\u0131rd\u0131\u011f\u0131n\u0131 belirtirken, bunun sonucunda Hama \u015fehrinin kuzeybat\u0131s\u0131ndaki El \u011eab Ovas\u0131&#8217;ndaki C\u00fcrin beldesinde iki sivil &hellip;<\/p>\n","protected":false},"author":36,"featured_media":289455,"comment_status":"closed","ping_status":"closed","sticky":false,"template":"","format":"standard","meta":{"footnotes":""},"categories":[479,575,17988,478],"tags":[],"class_list":["post-289454","post","type-post","status-publish","format-standard","has-post-thumbnail","","category-haberler-yerel","category-olaylar-ve-gercekler","category-son-haberler","category-yerel"],"_links":{"self":[{"href":"https:\/\/archive.sana.sy\/tr\/index.php?rest_route=\/wp\/v2\/posts\/289454","targetHints":{"allow":["GET"]}}],"collection":[{"href":"https:\/\/archive.sana.sy\/tr\/index.php?rest_route=\/wp\/v2\/posts"}],"about":[{"href":"https:\/\/archive.sana.sy\/tr\/index.php?rest_route=\/wp\/v2\/types\/post"}],"author":[{"embeddable":true,"href":"https:\/\/archive.sana.sy\/tr\/index.php?rest_route=\/wp\/v2\/users\/36"}],"replies":[{"embeddable":true,"href":"https:\/\/archive.sana.sy\/tr\/index.php?rest_route=%2Fwp%2Fv2%2Fcomments&post=289454"}],"version-history":[{"count":1,"href":"https:\/\/archive.sana.sy\/tr\/index.php?rest_route=\/wp\/v2\/posts\/289454\/revisions"}],"predecessor-version":[{"id":289456,"href":"https:\/\/archive.sana.sy\/tr\/index.php?rest_route=\/wp\/v2\/posts\/289454\/revisions\/289456"}],"wp:featuredmedia":[{"embeddable":true,"href":"https:\/\/archive.sana.sy\/tr\/index.php?rest_route=\/wp\/v2\/media\/289455"}],"wp:attachment":[{"href":"https:\/\/archive.sana.sy\/tr\/index.php?rest_route=%2Fwp%2Fv2%2Fmedia&parent=289454"}],"wp:term":[{"taxonomy":"category","embeddable":true,"href":"https:\/\/archive.sana.sy\/tr\/index.php?rest_route=%2Fwp%2Fv2%2Fcategories&post=289454"},{"taxonomy":"post_tag","embeddable":true,"href":"https:\/\/archive.sana.sy\/tr\/index.php?rest_route=%2Fwp%2Fv2%2Ftags&post=289454"}],"curies":[{"name":"wp","href":"https:\/\/api.w.org\/{rel}","templated":true}]}}