{"id":289464,"date":"2023-10-06T12:16:47","date_gmt":"2023-10-06T09:16:47","guid":{"rendered":"https:\/\/sana.sy\/tr\/?p=289464"},"modified":"2023-10-07T09:39:09","modified_gmt":"2023-10-07T06:39:09","slug":"turk-isgalinin-saldirmasi-sonucu-suveydiye-elektrik-uretim-tesisi-hizmet-disi-kaldi","status":"publish","type":"post","link":"https:\/\/archive.sana.sy\/tr\/?p=289464","title":{"rendered":"T\u00fcrk \u0130\u015fgalinin Sald\u0131rmas\u0131 Sonucu S\u00fcveydiye Elektrik \u00dcretim Tesisi Hizmet D\u0131\u015f\u0131 Kald\u0131"},"content":{"rendered":"<p style=\"text-align: justify;\"><strong>HASEKE\u00a006 EK\u0130M (SANA)<\/strong> \u2013 T\u00fcrk i\u015fgal u\u00e7aklar\u0131 bu sabah, \u00fclkenin kuzeydo\u011fusundaki Malikiye k\u0131rsal\u0131ndaki S\u00fcveydiye elektrik \u00fcretim tesisine sald\u0131rarak tesisin hizmet d\u0131\u015f\u0131 kalmas\u0131na neden oldu.<\/p>\n<p style=\"text-align: justify;\">Haseke Elektrik \u015eirketi M\u00fcd\u00fcr\u00fc Salih \u0130dris: \u201cT\u00fcrkiye&#8217;nin istasyona y\u00f6nelik sald\u0131r\u0131s\u0131, istasyonun yanmas\u0131na ve ciddi maddi hasara yol a\u00e7t\u0131\u201d dedi.<\/p>\n<p style=\"text-align: justify;\"><a href=\"https:\/\/t.me\/SuriyeArapHaberAjansI\">Telegram Kanal\u0131m\u0131z\u00a0<\/a><\/p>\n<p style=\"text-align: justify;\"><a href=\"https:\/\/www.facebook.com\/SANAHaberAjansi\/\">Facebook Sayfam\u0131z<\/a><\/p>\n<p style=\"text-align: justify;\"><a href=\"https:\/\/twitter.com\/arap_ajans\">Twitter Hesab\u0131m\u0131z<\/a><\/p>\n","protected":false},"excerpt":{"rendered":"<p>HASEKE\u00a006 EK\u0130M (SANA) \u2013 T\u00fcrk i\u015fgal u\u00e7aklar\u0131 bu sabah, \u00fclkenin kuzeydo\u011fusundaki Malikiye k\u0131rsal\u0131ndaki S\u00fcveydiye elektrik \u00fcretim tesisine sald\u0131rarak tesisin hizmet d\u0131\u015f\u0131 kalmas\u0131na neden oldu. Haseke Elektrik \u015eirketi M\u00fcd\u00fcr\u00fc Salih \u0130dris: \u201cT\u00fcrkiye&#8217;nin istasyona y\u00f6nelik sald\u0131r\u0131s\u0131, istasyonun yanmas\u0131na ve ciddi maddi hasara yol a\u00e7t\u0131\u201d dedi. Telegram Kanal\u0131m\u0131z\u00a0 Facebook Sayfam\u0131z Twitter Hesab\u0131m\u0131z<\/p>\n","protected":false},"author":36,"featured_media":289465,"comment_status":"closed","ping_status":"closed","sticky":false,"template":"","format":"standard","meta":{"footnotes":""},"categories":[479,575,17988,2554,2555,478],"tags":[19174,22182,39987,39988],"class_list":["post-289464","post","type-post","status-publish","format-standard","has-post-thumbnail","","category-haberler-yerel","category-olaylar-ve-gercekler","category-son-haberler","category-suriye-ve-dunya","category-suriye-ve-turkiye","category-yerel","tag-suriyede-son-durumlar","tag-suriyede-savas","tag-turk-isgalinin-saldirmasi-sonucu-suveydiye-elektrik-uretim-tesisi-hizmet-disi-kaldi","tag-turkiyenin-suriyede-valigii"],"_links":{"self":[{"href":"https:\/\/archive.sana.sy\/tr\/index.php?rest_route=\/wp\/v2\/posts\/289464","targetHints":{"allow":["GET"]}}],"collection":[{"href":"https:\/\/archive.sana.sy\/tr\/index.php?rest_route=\/wp\/v2\/posts"}],"about":[{"href":"https:\/\/archive.sana.sy\/tr\/index.php?rest_route=\/wp\/v2\/types\/post"}],"author":[{"embeddable":true,"href":"https:\/\/archive.sana.sy\/tr\/index.php?rest_route=\/wp\/v2\/users\/36"}],"replies":[{"embeddable":true,"href":"https:\/\/archive.sana.sy\/tr\/index.php?rest_route=%2Fwp%2Fv2%2Fcomments&post=289464"}],"version-history":[{"count":3,"href":"https:\/\/archive.sana.sy\/tr\/index.php?rest_route=\/wp\/v2\/posts\/289464\/revisions"}],"predecessor-version":[{"id":289468,"href":"https:\/\/archive.sana.sy\/tr\/index.php?rest_route=\/wp\/v2\/posts\/289464\/revisions\/289468"}],"wp:featuredmedia":[{"embeddable":true,"href":"https:\/\/archive.sana.sy\/tr\/index.php?rest_route=\/wp\/v2\/media\/289465"}],"wp:attachment":[{"href":"https:\/\/archive.sana.sy\/tr\/index.php?rest_route=%2Fwp%2Fv2%2Fmedia&parent=289464"}],"wp:term":[{"taxonomy":"category","embeddable":true,"href":"https:\/\/archive.sana.sy\/tr\/index.php?rest_route=%2Fwp%2Fv2%2Fcategories&post=289464"},{"taxonomy":"post_tag","embeddable":true,"href":"https:\/\/archive.sana.sy\/tr\/index.php?rest_route=%2Fwp%2Fv2%2Ftags&post=289464"}],"curies":[{"name":"wp","href":"https:\/\/api.w.org\/{rel}","templated":true}]}}