{"id":289476,"date":"2023-10-06T10:40:20","date_gmt":"2023-10-06T07:40:20","guid":{"rendered":"https:\/\/sana.sy\/tr\/?p=289476"},"modified":"2023-10-07T09:38:56","modified_gmt":"2023-10-07T06:38:56","slug":"isgal-edilen-golan-halki-harp-okuluna-duzenlenen-teror-saldirisi-teror-orgutlerinin-iflasinin-kanitidir","status":"publish","type":"post","link":"https:\/\/archive.sana.sy\/tr\/?p=289476","title":{"rendered":"\u0130\u015fgal Edilen Golan Halk\u0131: Harp Okuluna D\u00fczenlenen Ter\u00f6r Sald\u0131r\u0131s\u0131 Ter\u00f6r \u00d6rg\u00fctlerinin \u0130flas\u0131n\u0131n Kan\u0131t\u0131d\u0131r"},"content":{"rendered":"<p style=\"text-align: justify;\"><strong>\u0130\u015eGAL ED\u0130LEN SUR\u0130YEL\u0130 GOLAN 06 EK\u0130M (SANA)<\/strong> &#8211; \u0130\u015fgal alt\u0131ndaki Suriye Golan&#8217;\u0131ndaki halk\u0131m\u0131z, Humus&#8217;taki askeri okul subay \u00f6\u011frencilerinin mezuniyet t\u00f6renini hedef alan vah\u015fi ter\u00f6r sald\u0131r\u0131s\u0131n\u0131 en g\u00fc\u00e7l\u00fc ifadelerle k\u0131nad\u0131.<\/p>\n<p style=\"text-align: justify;\">\u0130\u015fgal alt\u0131ndaki Golan halk\u0131 bug\u00fcn bir kopyas\u0131 SANA&#8217;ya ula\u015fan bir a\u00e7\u0131klamada, \u2018\u2019Ter\u00f6r \u00f6rg\u00fctleri, 12 y\u0131l\u0131 a\u015fk\u0131n s\u00fcredir ter\u00f6rle m\u00fccadele eden kahraman Suriye halk\u0131na kar\u015f\u0131 yeni bir su\u00e7 i\u015fleyerek, askeri okul subay \u00f6\u011frencilerinin mezuniyet t\u00f6renini hedef alan bir su\u00e7la \u00fczerimize geliyor\u2019\u2019 dedi.<\/p>\n<p style=\"text-align: justify;\">\u0130\u015fgal alt\u0131ndaki Suriye Golan halk\u0131 ayr\u0131ca, \u015fehit ailelerine taziyelerini iletti, yaral\u0131lara acil \u015fifalar diledi.<\/p>\n<p style=\"text-align: justify;\"><a href=\"https:\/\/t.me\/SuriyeArapHaberAjansI\">Telegram Kanal\u0131m\u0131z\u00a0<\/a><\/p>\n<p style=\"text-align: justify;\"><a href=\"https:\/\/www.facebook.com\/SANAHaberAjansi\/\">Facebook Sayfam\u0131z<\/a><\/p>\n<p style=\"text-align: justify;\"><a href=\"https:\/\/twitter.com\/arap_ajans\">Twitter Hesab\u0131m\u0131z<\/a><\/p>\n","protected":false},"excerpt":{"rendered":"<p>\u0130\u015eGAL ED\u0130LEN SUR\u0130YEL\u0130 GOLAN 06 EK\u0130M (SANA) &#8211; \u0130\u015fgal alt\u0131ndaki Suriye Golan&#8217;\u0131ndaki halk\u0131m\u0131z, Humus&#8217;taki askeri okul subay \u00f6\u011frencilerinin mezuniyet t\u00f6renini hedef alan vah\u015fi ter\u00f6r sald\u0131r\u0131s\u0131n\u0131 en g\u00fc\u00e7l\u00fc ifadelerle k\u0131nad\u0131. \u0130\u015fgal alt\u0131ndaki Golan halk\u0131 bug\u00fcn bir kopyas\u0131 SANA&#8217;ya ula\u015fan bir a\u00e7\u0131klamada, \u2018\u2019Ter\u00f6r \u00f6rg\u00fctleri, 12 y\u0131l\u0131 a\u015fk\u0131n s\u00fcredir ter\u00f6rle m\u00fccadele eden kahraman Suriye halk\u0131na kar\u015f\u0131 yeni bir &hellip;<\/p>\n","protected":false},"author":41,"featured_media":289477,"comment_status":"closed","ping_status":"closed","sticky":false,"template":"","format":"standard","meta":{"footnotes":""},"categories":[479,17988,478],"tags":[39995],"class_list":["post-289476","post","type-post","status-publish","format-standard","has-post-thumbnail","","category-haberler-yerel","category-son-haberler","category-yerel","tag-isgal-edilen-golan-halki-harp-okuluna-duzenlenen-teror-saldirisi-teror-orgutlerinin-iflasinin-kanitidir"],"_links":{"self":[{"href":"https:\/\/archive.sana.sy\/tr\/index.php?rest_route=\/wp\/v2\/posts\/289476","targetHints":{"allow":["GET"]}}],"collection":[{"href":"https:\/\/archive.sana.sy\/tr\/index.php?rest_route=\/wp\/v2\/posts"}],"about":[{"href":"https:\/\/archive.sana.sy\/tr\/index.php?rest_route=\/wp\/v2\/types\/post"}],"author":[{"embeddable":true,"href":"https:\/\/archive.sana.sy\/tr\/index.php?rest_route=\/wp\/v2\/users\/41"}],"replies":[{"embeddable":true,"href":"https:\/\/archive.sana.sy\/tr\/index.php?rest_route=%2Fwp%2Fv2%2Fcomments&post=289476"}],"version-history":[{"count":2,"href":"https:\/\/archive.sana.sy\/tr\/index.php?rest_route=\/wp\/v2\/posts\/289476\/revisions"}],"predecessor-version":[{"id":289480,"href":"https:\/\/archive.sana.sy\/tr\/index.php?rest_route=\/wp\/v2\/posts\/289476\/revisions\/289480"}],"wp:featuredmedia":[{"embeddable":true,"href":"https:\/\/archive.sana.sy\/tr\/index.php?rest_route=\/wp\/v2\/media\/289477"}],"wp:attachment":[{"href":"https:\/\/archive.sana.sy\/tr\/index.php?rest_route=%2Fwp%2Fv2%2Fmedia&parent=289476"}],"wp:term":[{"taxonomy":"category","embeddable":true,"href":"https:\/\/archive.sana.sy\/tr\/index.php?rest_route=%2Fwp%2Fv2%2Fcategories&post=289476"},{"taxonomy":"post_tag","embeddable":true,"href":"https:\/\/archive.sana.sy\/tr\/index.php?rest_route=%2Fwp%2Fv2%2Ftags&post=289476"}],"curies":[{"name":"wp","href":"https:\/\/api.w.org\/{rel}","templated":true}]}}