{"id":289530,"date":"2023-10-06T12:58:37","date_gmt":"2023-10-06T09:58:37","guid":{"rendered":"https:\/\/sana.sy\/tr\/?p=289530"},"modified":"2023-10-07T09:39:14","modified_gmt":"2023-10-07T06:39:14","slug":"antakya-ve-tum-dogu-suryani-ortodoks-patrikligi-harp-okuluna-duzenlenen-teror-saldirisini-kinadi","status":"publish","type":"post","link":"https:\/\/archive.sana.sy\/tr\/?p=289530","title":{"rendered":"Antakya Ve T\u00fcm Do\u011fu S\u00fcryani Ortodoks Patrikli\u011fi, Harp Okuluna D\u00fczenlenen Ter\u00f6r Sald\u0131r\u0131s\u0131n\u0131 K\u0131nad\u0131"},"content":{"rendered":"<p style=\"text-align: justify;\"><strong>\u015eAM 06 EK\u0130M (SANA)<\/strong> &#8211; Antakya ve T\u00fcm Do\u011fu S\u00fcryani Ortodoks Patrikli\u011fi, Homs&#8217;ta askeri okul subay \u00f6\u011frencilerinin mezuniyet t\u00f6renini hedef alan ter\u00f6r sald\u0131r\u0131s\u0131n\u0131 k\u0131nad\u0131.<\/p>\n<p style=\"text-align: justify;\">Patrikhane&#8217;den bug\u00fcn bir n\u00fcshas\u0131 SANA&#8217;ya ula\u015fan a\u00e7\u0131klamada, \u00a0\u201cHoms&#8217;ta harp okulu subay \u00f6\u011frencilerinin mezuniyet t\u00f6renine d\u00fczenlenen sald\u0131r\u0131da bir grup asker ve sivilin \u015fehit oldu\u011fu ac\u0131 haberini b\u00fcy\u00fck bir \u00fcz\u00fcnt\u00fcyle ald\u0131k.<\/p>\n<p style=\"text-align: justify;\">A\u00e7\u0131klamada ayr\u0131a, &#8221;\u015fehit ailelerine ba\u015fsa\u011fl\u0131\u011f\u0131 dileklerinde bulunularak, Allah&#8217;tan onlara engin merhametini ya\u011fd\u0131rmas\u0131 ve t\u00fcm yaral\u0131lara \u015fifa vermesi istendi&#8221; ifadelere yer veridli.<\/p>\n<p><a href=\"https:\/\/t.me\/SuriyeArapHaberAjansI\">Telegram Kanal\u0131m\u0131z\u00a0<\/a><\/p>\n<p><a href=\"https:\/\/www.facebook.com\/SANAHaberAjansi\/\">Facebook Sayfam\u0131z<\/a><\/p>\n<p><a href=\"https:\/\/twitter.com\/arap_ajans\">Twitter Hesab\u0131m\u0131z<\/a><\/p>\n<p>&nbsp;<\/p>\n","protected":false},"excerpt":{"rendered":"<p>\u015eAM 06 EK\u0130M (SANA) &#8211; Antakya ve T\u00fcm Do\u011fu S\u00fcryani Ortodoks Patrikli\u011fi, Homs&#8217;ta askeri okul subay \u00f6\u011frencilerinin mezuniyet t\u00f6renini hedef alan ter\u00f6r sald\u0131r\u0131s\u0131n\u0131 k\u0131nad\u0131. Patrikhane&#8217;den bug\u00fcn bir n\u00fcshas\u0131 SANA&#8217;ya ula\u015fan a\u00e7\u0131klamada, \u00a0\u201cHoms&#8217;ta harp okulu subay \u00f6\u011frencilerinin mezuniyet t\u00f6renine d\u00fczenlenen sald\u0131r\u0131da bir grup asker ve sivilin \u015fehit oldu\u011fu ac\u0131 haberini b\u00fcy\u00fck bir \u00fcz\u00fcnt\u00fcyle ald\u0131k. A\u00e7\u0131klamada ayr\u0131a, &hellip;<\/p>\n","protected":false},"author":1,"featured_media":289531,"comment_status":"closed","ping_status":"closed","sticky":false,"template":"","format":"standard","meta":{"footnotes":""},"categories":[479,17988,478],"tags":[40010,40011],"class_list":["post-289530","post","type-post","status-publish","format-standard","has-post-thumbnail","","category-haberler-yerel","category-son-haberler","category-yerel","tag-antakya-ve-tum-dogu-suryani-ortodoks-patrikligi","tag-harp-okuluna-duzenlenen-teror-saldirisini-kinadi"],"_links":{"self":[{"href":"https:\/\/archive.sana.sy\/tr\/index.php?rest_route=\/wp\/v2\/posts\/289530","targetHints":{"allow":["GET"]}}],"collection":[{"href":"https:\/\/archive.sana.sy\/tr\/index.php?rest_route=\/wp\/v2\/posts"}],"about":[{"href":"https:\/\/archive.sana.sy\/tr\/index.php?rest_route=\/wp\/v2\/types\/post"}],"author":[{"embeddable":true,"href":"https:\/\/archive.sana.sy\/tr\/index.php?rest_route=\/wp\/v2\/users\/1"}],"replies":[{"embeddable":true,"href":"https:\/\/archive.sana.sy\/tr\/index.php?rest_route=%2Fwp%2Fv2%2Fcomments&post=289530"}],"version-history":[{"count":1,"href":"https:\/\/archive.sana.sy\/tr\/index.php?rest_route=\/wp\/v2\/posts\/289530\/revisions"}],"predecessor-version":[{"id":289532,"href":"https:\/\/archive.sana.sy\/tr\/index.php?rest_route=\/wp\/v2\/posts\/289530\/revisions\/289532"}],"wp:featuredmedia":[{"embeddable":true,"href":"https:\/\/archive.sana.sy\/tr\/index.php?rest_route=\/wp\/v2\/media\/289531"}],"wp:attachment":[{"href":"https:\/\/archive.sana.sy\/tr\/index.php?rest_route=%2Fwp%2Fv2%2Fmedia&parent=289530"}],"wp:term":[{"taxonomy":"category","embeddable":true,"href":"https:\/\/archive.sana.sy\/tr\/index.php?rest_route=%2Fwp%2Fv2%2Fcategories&post=289530"},{"taxonomy":"post_tag","embeddable":true,"href":"https:\/\/archive.sana.sy\/tr\/index.php?rest_route=%2Fwp%2Fv2%2Ftags&post=289530"}],"curies":[{"name":"wp","href":"https:\/\/api.w.org\/{rel}","templated":true}]}}