{"id":289542,"date":"2023-10-07T10:22:28","date_gmt":"2023-10-07T07:22:28","guid":{"rendered":"https:\/\/sana.sy\/tr\/?p=289542"},"modified":"2023-10-08T08:21:10","modified_gmt":"2023-10-08T05:21:10","slug":"gazze-kesminde-iki-filistinli-isgal-kursunlariyla-sehit-dustu-direnis-fuzelerle-yerlesimleri-hedef-aliyor","status":"publish","type":"post","link":"https:\/\/archive.sana.sy\/tr\/?p=289542","title":{"rendered":"Gazze Kesmi&#8217;nde \u0130ki Filistinli \u0130\u015fgal Kur\u015funlar\u0131yla \u015eehit D\u00fc\u015ft\u00fc, Direni\u015f F\u00fczelerle Yerle\u015fimleri Hedef Al\u0131yor"},"content":{"rendered":"<p style=\"text-align: justify;\"><strong>\u0130\u015eGAl ED\u0130LEN KUD\u00dcS<\/strong> <strong>07 EK\u0130M (SANA)<\/strong>\u00a0\u2013 ku\u015fatma alt\u0131ndaki Gazze Kesmi&#8217;nin merkezindeki El Burec m\u00fclteci kamp\u0131n\u0131n do\u011fusunda \u0130srail i\u015fgal g\u00fc\u00e7lerinin a\u00e7t\u0131\u011f\u0131 ate\u015f sonucu 2 Filistinli \u015fehit d\u00fc\u015ft\u00fc, 5 ki\u015fi de yaraland\u0131.<\/p>\n<p style=\"text-align: justify;\">Filistin direni\u015fi ise f\u00fczelerle Gazze Kesmi \u00e7evresindeki ve 1948&#8217;de i\u015fgal edilen topraklardaki \u0130srail yerle\u015fimlerini hedef ald\u0131.<\/p>\n<p style=\"text-align: justify;\">Filistin medyas\u0131, Filistin direni\u015finin, Filistinlilere kar\u015f\u0131 devam eden su\u00e7lar\u0131na yan\u0131t olarak, 1948&#8217;de i\u015fgal edilen topraklar ve Gazze Kesmi&#8217;nin eteklerindeki Tel Aviv ve A\u015fkelon\u2019daki i\u015fgal yerle\u015fimlerini binlerce f\u00fczeyle hedef ald\u0131\u011f\u0131n\u0131 belirtti.<\/p>\n<p style=\"text-align: justify;\">\u0130srail d\u00fc\u015fman medyas\u0131, benzeri g\u00f6r\u00fclmemi\u015f say\u0131da f\u00fczenin \u0130srail yerle\u015fimlerini hedef ald\u0131\u011f\u0131n\u0131, sirenlerin hala orada \u00e7ald\u0131\u011f\u0131n\u0131 ve baz\u0131 yerle\u015fimcilerin \u00f6ld\u00fcr\u00fcld\u00fc\u011f\u00fcn\u00fc ve di\u011ferlerinin de yaraland\u0131\u011f\u0131n\u0131 duyuran bar\u0131naklar\u0131n a\u00e7\u0131ld\u0131\u011f\u0131n\u0131 kabul etti.<\/p>\n<p style=\"text-align: justify;\"><a href=\"https:\/\/t.me\/SuriyeArapHaberAjansI\">Telegram Kanal\u0131m\u0131z\u00a0<\/a><\/p>\n<p style=\"text-align: justify;\"><a href=\"https:\/\/www.facebook.com\/SANAHaberAjansi\/\">Facebook Sayfam\u0131z<\/a><\/p>\n<p style=\"text-align: justify;\"><a href=\"https:\/\/twitter.com\/arap_ajans\">Twitter Hesab\u0131m\u0131z<\/a><\/p>\n","protected":false},"excerpt":{"rendered":"<p>\u0130\u015eGAl ED\u0130LEN KUD\u00dcS 07 EK\u0130M (SANA)\u00a0\u2013 ku\u015fatma alt\u0131ndaki Gazze Kesmi&#8217;nin merkezindeki El Burec m\u00fclteci kamp\u0131n\u0131n do\u011fusunda \u0130srail i\u015fgal g\u00fc\u00e7lerinin a\u00e7t\u0131\u011f\u0131 ate\u015f sonucu 2 Filistinli \u015fehit d\u00fc\u015ft\u00fc, 5 ki\u015fi de yaraland\u0131. Filistin direni\u015fi ise f\u00fczelerle Gazze Kesmi \u00e7evresindeki ve 1948&#8217;de i\u015fgal edilen topraklardaki \u0130srail yerle\u015fimlerini hedef ald\u0131. Filistin medyas\u0131, Filistin direni\u015finin, Filistinlilere kar\u015f\u0131 devam eden su\u00e7lar\u0131na &hellip;<\/p>\n","protected":false},"author":36,"featured_media":289543,"comment_status":"closed","ping_status":"closed","sticky":false,"template":"","format":"standard","meta":{"footnotes":""},"categories":[458,459,17988],"tags":[40019,38744],"class_list":["post-289542","post","type-post","status-publish","format-standard","has-post-thumbnail","","category-dunya1","category-haberler-arap-uluslararasi-politika","category-son-haberler","tag-gazze-kesmi","tag-mescid-i-aksa"],"_links":{"self":[{"href":"https:\/\/archive.sana.sy\/tr\/index.php?rest_route=\/wp\/v2\/posts\/289542","targetHints":{"allow":["GET"]}}],"collection":[{"href":"https:\/\/archive.sana.sy\/tr\/index.php?rest_route=\/wp\/v2\/posts"}],"about":[{"href":"https:\/\/archive.sana.sy\/tr\/index.php?rest_route=\/wp\/v2\/types\/post"}],"author":[{"embeddable":true,"href":"https:\/\/archive.sana.sy\/tr\/index.php?rest_route=\/wp\/v2\/users\/36"}],"replies":[{"embeddable":true,"href":"https:\/\/archive.sana.sy\/tr\/index.php?rest_route=%2Fwp%2Fv2%2Fcomments&post=289542"}],"version-history":[{"count":3,"href":"https:\/\/archive.sana.sy\/tr\/index.php?rest_route=\/wp\/v2\/posts\/289542\/revisions"}],"predecessor-version":[{"id":289572,"href":"https:\/\/archive.sana.sy\/tr\/index.php?rest_route=\/wp\/v2\/posts\/289542\/revisions\/289572"}],"wp:featuredmedia":[{"embeddable":true,"href":"https:\/\/archive.sana.sy\/tr\/index.php?rest_route=\/wp\/v2\/media\/289543"}],"wp:attachment":[{"href":"https:\/\/archive.sana.sy\/tr\/index.php?rest_route=%2Fwp%2Fv2%2Fmedia&parent=289542"}],"wp:term":[{"taxonomy":"category","embeddable":true,"href":"https:\/\/archive.sana.sy\/tr\/index.php?rest_route=%2Fwp%2Fv2%2Fcategories&post=289542"},{"taxonomy":"post_tag","embeddable":true,"href":"https:\/\/archive.sana.sy\/tr\/index.php?rest_route=%2Fwp%2Fv2%2Ftags&post=289542"}],"curies":[{"name":"wp","href":"https:\/\/api.w.org\/{rel}","templated":true}]}}