{"id":289546,"date":"2023-10-07T10:30:20","date_gmt":"2023-10-07T07:30:20","guid":{"rendered":"https:\/\/sana.sy\/tr\/?p=289546"},"modified":"2023-10-08T08:21:30","modified_gmt":"2023-10-08T05:21:30","slug":"israil-isgal-guclerinin-saldirilarina-yanit-olarak-filistin-direnisi-el-aksa-tufani-operasyonunu-baslatti","status":"publish","type":"post","link":"https:\/\/archive.sana.sy\/tr\/?p=289546","title":{"rendered":"\u0130srail \u0130\u015fgal G\u00fc\u00e7lerinin Sald\u0131r\u0131lar\u0131na Yan\u0131t Olarak Filistin Direni\u015fi \u201cEl Aksa Tufan\u0131\u201d Operasyonunu Ba\u015flatt\u0131"},"content":{"rendered":"<p><strong>\u0130\u015eGAL ED\u0130LEN KUD\u00dcS<\/strong> <strong>07 EK\u0130M (SANA)<\/strong>\u00a0\u2013 \u0130srail i\u015fgal g\u00fc\u00e7lerinin Mescid-i Aksa&#8217;y\u0131 basmas\u0131 ve Filistinlilere y\u00f6nelik sald\u0131r\u0131s\u0131na tepki olarak Gazze Kesmi&#8217;ndeki Filistin ulusal direni\u015fi, Gazze Kesmi \u00e7evresindeki ve 1948&#8217;de i\u015fgal edilen Filistin topraklar\u0131ndaki \u0130srail yerle\u015fimlerini binlerce f\u00fczeyle hedef alan \u201cEl Aksa Tufan\u0131\u201d Operasyonunu ba\u015flatt\u0131.<\/p>\n<p>Filistin direni\u015fi de Bat\u0131 Yaka&#8217;n\u0131n her b\u00f6lgesinde i\u015fgal g\u00fc\u00e7lerine kar\u015f\u0131 a\u00e7\u0131k sava\u015f durumu ilan etti.<\/p>\n<p>Filistin medyas\u0131, Filistin direni\u015finin, Filistinlilere kar\u015f\u0131 devam eden su\u00e7lar\u0131na yan\u0131t olarak 1948&#8217;de i\u015fgal edilen topraklarda \u201cTel Aviv\u201d ve A\u015fkelon&#8217;da ve Gazze Kesmi&#8217;nin eteklerinde bulunan i\u015fgal yerle\u015fimlerini binlerce f\u00fczeyle hedef ald\u0131\u011f\u0131n\u0131 belirtti.<\/p>\n<p>Direni\u015fin Gazze \u015eeridi&#8217;ne kom\u015fu baz\u0131 yerle\u015fim yerlerine d\u00fczenledi\u011fi bask\u0131nlarda \u0130srail i\u015fgal askerlerini yakalayabildi\u011fini, direni\u015fin Gazze&#8217;deki operasyonu s\u0131ras\u0131nda da bir i\u015fgal mekanizmas\u0131n\u0131 kontrol alt\u0131na alabildi\u011fini dikkat \u00e7ekti.<\/p>\n<p>\u0130srail d\u00fc\u015fman medyas\u0131, benzeri g\u00f6r\u00fclmemi\u015f say\u0131da f\u00fczenin \u0130srail yerle\u015fimlerini hedef ald\u0131\u011f\u0131n\u0131, sirenlerin hala orada \u00e7ald\u0131\u011f\u0131n\u0131 ve baz\u0131 yerle\u015fimcilerin \u00f6ld\u00fcr\u00fcld\u00fc\u011f\u00fcn\u00fc ve di\u011ferlerinin de yaraland\u0131\u011f\u0131n\u0131 duyuran bar\u0131naklar\u0131n a\u00e7\u0131ld\u0131\u011f\u0131n\u0131 kabul etti.<\/p>\n<p>\u0130\u015fgal g\u00fc\u00e7leri ayr\u0131ca i\u015fgal alt\u0131ndaki Kud\u00fcs \u015fehrini \u00e7evreleyen t\u00fcm askeri kontrol noktalar\u0131n\u0131 da kapatarak \u015fehre gidi\u015f-d\u00f6n\u00fc\u015f hareketlerini tamamen engelledi.<\/p>\n<p><a href=\"https:\/\/t.me\/SuriyeArapHaberAjansI\">Telegram Kanal\u0131m\u0131z\u00a0<\/a><\/p>\n<p><a href=\"https:\/\/www.facebook.com\/SANAHaberAjansi\/\">Facebook Sayfam\u0131z<\/a><\/p>\n<p><a href=\"https:\/\/twitter.com\/arap_ajans\">Twitter Hesab\u0131m\u0131z<\/a><\/p>\n","protected":false},"excerpt":{"rendered":"<p>\u0130\u015eGAL ED\u0130LEN KUD\u00dcS 07 EK\u0130M (SANA)\u00a0\u2013 \u0130srail i\u015fgal g\u00fc\u00e7lerinin Mescid-i Aksa&#8217;y\u0131 basmas\u0131 ve Filistinlilere y\u00f6nelik sald\u0131r\u0131s\u0131na tepki olarak Gazze Kesmi&#8217;ndeki Filistin ulusal direni\u015fi, Gazze Kesmi \u00e7evresindeki ve 1948&#8217;de i\u015fgal edilen Filistin topraklar\u0131ndaki \u0130srail yerle\u015fimlerini binlerce f\u00fczeyle hedef alan \u201cEl Aksa Tufan\u0131\u201d Operasyonunu ba\u015flatt\u0131. Filistin direni\u015fi de Bat\u0131 Yaka&#8217;n\u0131n her b\u00f6lgesinde i\u015fgal g\u00fc\u00e7lerine kar\u015f\u0131 a\u00e7\u0131k sava\u015f &hellip;<\/p>\n","protected":false},"author":36,"featured_media":289547,"comment_status":"closed","ping_status":"closed","sticky":false,"template":"","format":"standard","meta":{"footnotes":""},"categories":[458,459,17988],"tags":[],"class_list":["post-289546","post","type-post","status-publish","format-standard","has-post-thumbnail","","category-dunya1","category-haberler-arap-uluslararasi-politika","category-son-haberler"],"_links":{"self":[{"href":"https:\/\/archive.sana.sy\/tr\/index.php?rest_route=\/wp\/v2\/posts\/289546","targetHints":{"allow":["GET"]}}],"collection":[{"href":"https:\/\/archive.sana.sy\/tr\/index.php?rest_route=\/wp\/v2\/posts"}],"about":[{"href":"https:\/\/archive.sana.sy\/tr\/index.php?rest_route=\/wp\/v2\/types\/post"}],"author":[{"embeddable":true,"href":"https:\/\/archive.sana.sy\/tr\/index.php?rest_route=\/wp\/v2\/users\/36"}],"replies":[{"embeddable":true,"href":"https:\/\/archive.sana.sy\/tr\/index.php?rest_route=%2Fwp%2Fv2%2Fcomments&post=289546"}],"version-history":[{"count":1,"href":"https:\/\/archive.sana.sy\/tr\/index.php?rest_route=\/wp\/v2\/posts\/289546\/revisions"}],"predecessor-version":[{"id":289548,"href":"https:\/\/archive.sana.sy\/tr\/index.php?rest_route=\/wp\/v2\/posts\/289546\/revisions\/289548"}],"wp:featuredmedia":[{"embeddable":true,"href":"https:\/\/archive.sana.sy\/tr\/index.php?rest_route=\/wp\/v2\/media\/289547"}],"wp:attachment":[{"href":"https:\/\/archive.sana.sy\/tr\/index.php?rest_route=%2Fwp%2Fv2%2Fmedia&parent=289546"}],"wp:term":[{"taxonomy":"category","embeddable":true,"href":"https:\/\/archive.sana.sy\/tr\/index.php?rest_route=%2Fwp%2Fv2%2Fcategories&post=289546"},{"taxonomy":"post_tag","embeddable":true,"href":"https:\/\/archive.sana.sy\/tr\/index.php?rest_route=%2Fwp%2Fv2%2Ftags&post=289546"}],"curies":[{"name":"wp","href":"https:\/\/api.w.org\/{rel}","templated":true}]}}