{"id":289549,"date":"2023-10-07T12:31:52","date_gmt":"2023-10-07T09:31:52","guid":{"rendered":"https:\/\/sana.sy\/tr\/?p=289549"},"modified":"2023-10-08T08:21:43","modified_gmt":"2023-10-08T05:21:43","slug":"homs-harp-okuluna-duzenlenen-teror-saldirisinda-hayatini-kaybedenlerin-ruhlari-icin-irakin-basra-kentinde-cenaze-toreni-duzenlendi","status":"publish","type":"post","link":"https:\/\/archive.sana.sy\/tr\/?p=289549","title":{"rendered":"Homs Harp Okulu&#8217;na D\u00fczenlenen Ter\u00f6r Sald\u0131r\u0131s\u0131nda Hayat\u0131n\u0131 Kaybedenlerin Ruhlar\u0131 \u0130\u00e7in Irak&#8217;\u0131n Basra Kentinde Cenaze T\u00f6reni D\u00fczenlendi"},"content":{"rendered":"<p><strong>BA\u011eDAT<\/strong> <strong>07 EK\u0130M (SANA)<\/strong>\u00a0\u2013 Suriye&#8217;ye Y\u00f6nelik Ku\u015fatmay\u0131 K\u0131rmaya Y\u00f6nelik Uluslararas\u0131 Pop\u00fcler Kampanya, Irak G\u00fcney B\u00f6lgesi Medya ve Gazeteciler Derne\u011fi i\u015fbirli\u011fiyle Basra kentinde, Homs&#8217;taki Harp Okulu&#8217;nu hedef alan ter\u00f6r sald\u0131r\u0131s\u0131nda \u015fehit olanlar\u0131n ruhlar\u0131 i\u00e7in cenaze t\u00f6reni d\u00fczenlenece\u011fini ilan etti.<\/p>\n<p>Cenaze konseyine Basra A\u015fireti Y\u00fcksek Komitesi&#8217;nin temsilcileri ve \u00fcyeleri kat\u0131lacak, kampanya \u00fcyeleri de Suriye ve ma\u011fdurlar\u0131n aileleriyle dayan\u0131\u015fmak ve bu menfur ve g\u00fcnahkar su\u00e7u k\u0131namak i\u00e7in kat\u0131lacak.<\/p>\n<p>Toplant\u0131 ba\u015fkan\u0131, Basra ileri gelenlerinden \u015feyhler, Basra El Fayhaa Yard\u0131m Vakf\u0131 ve bir grup siyasi, sosyal ve dini hukuk\u00e7udan yap\u0131lan a\u00e7\u0131klamaya g\u00f6re, dayan\u0131\u015fma faaliyetleri ve cenaze konseyi bu \u00f6\u011fleden sonra ba\u015flayacak ve Irak&#8217;\u0131n Basra saatine g\u00f6re ak\u015fam sekizde sona erecek.<\/p>\n<p><a href=\"https:\/\/t.me\/SuriyeArapHaberAjansI\">Telegram Kanal\u0131m\u0131z\u00a0<\/a><\/p>\n<p><a href=\"https:\/\/www.facebook.com\/SANAHaberAjansi\/\">Facebook Sayfam\u0131z<\/a><\/p>\n<p><a href=\"https:\/\/twitter.com\/arap_ajans\">Twitter Hesab\u0131m\u0131z<\/a><\/p>\n","protected":false},"excerpt":{"rendered":"<p>BA\u011eDAT 07 EK\u0130M (SANA)\u00a0\u2013 Suriye&#8217;ye Y\u00f6nelik Ku\u015fatmay\u0131 K\u0131rmaya Y\u00f6nelik Uluslararas\u0131 Pop\u00fcler Kampanya, Irak G\u00fcney B\u00f6lgesi Medya ve Gazeteciler Derne\u011fi i\u015fbirli\u011fiyle Basra kentinde, Homs&#8217;taki Harp Okulu&#8217;nu hedef alan ter\u00f6r sald\u0131r\u0131s\u0131nda \u015fehit olanlar\u0131n ruhlar\u0131 i\u00e7in cenaze t\u00f6reni d\u00fczenlenece\u011fini ilan etti. Cenaze konseyine Basra A\u015fireti Y\u00fcksek Komitesi&#8217;nin temsilcileri ve \u00fcyeleri kat\u0131lacak, kampanya \u00fcyeleri de Suriye ve ma\u011fdurlar\u0131n aileleriyle &hellip;<\/p>\n","protected":false},"author":36,"featured_media":289550,"comment_status":"closed","ping_status":"closed","sticky":false,"template":"","format":"standard","meta":{"footnotes":""},"categories":[458,459,17988],"tags":[],"class_list":["post-289549","post","type-post","status-publish","format-standard","has-post-thumbnail","","category-dunya1","category-haberler-arap-uluslararasi-politika","category-son-haberler"],"_links":{"self":[{"href":"https:\/\/archive.sana.sy\/tr\/index.php?rest_route=\/wp\/v2\/posts\/289549","targetHints":{"allow":["GET"]}}],"collection":[{"href":"https:\/\/archive.sana.sy\/tr\/index.php?rest_route=\/wp\/v2\/posts"}],"about":[{"href":"https:\/\/archive.sana.sy\/tr\/index.php?rest_route=\/wp\/v2\/types\/post"}],"author":[{"embeddable":true,"href":"https:\/\/archive.sana.sy\/tr\/index.php?rest_route=\/wp\/v2\/users\/36"}],"replies":[{"embeddable":true,"href":"https:\/\/archive.sana.sy\/tr\/index.php?rest_route=%2Fwp%2Fv2%2Fcomments&post=289549"}],"version-history":[{"count":1,"href":"https:\/\/archive.sana.sy\/tr\/index.php?rest_route=\/wp\/v2\/posts\/289549\/revisions"}],"predecessor-version":[{"id":289551,"href":"https:\/\/archive.sana.sy\/tr\/index.php?rest_route=\/wp\/v2\/posts\/289549\/revisions\/289551"}],"wp:featuredmedia":[{"embeddable":true,"href":"https:\/\/archive.sana.sy\/tr\/index.php?rest_route=\/wp\/v2\/media\/289550"}],"wp:attachment":[{"href":"https:\/\/archive.sana.sy\/tr\/index.php?rest_route=%2Fwp%2Fv2%2Fmedia&parent=289549"}],"wp:term":[{"taxonomy":"category","embeddable":true,"href":"https:\/\/archive.sana.sy\/tr\/index.php?rest_route=%2Fwp%2Fv2%2Fcategories&post=289549"},{"taxonomy":"post_tag","embeddable":true,"href":"https:\/\/archive.sana.sy\/tr\/index.php?rest_route=%2Fwp%2Fv2%2Ftags&post=289549"}],"curies":[{"name":"wp","href":"https:\/\/api.w.org\/{rel}","templated":true}]}}