{"id":289552,"date":"2023-10-07T12:38:08","date_gmt":"2023-10-07T09:38:08","guid":{"rendered":"https:\/\/sana.sy\/tr\/?p=289552"},"modified":"2023-10-08T08:21:51","modified_gmt":"2023-10-08T05:21:51","slug":"slovak-ve-kuba-komunist-partileri-homstaki-askeri-okula-duzenlenen-teror-saldirisini-kinadi","status":"publish","type":"post","link":"https:\/\/archive.sana.sy\/tr\/?p=289552","title":{"rendered":"Slovak ve K\u00fcba Kom\u00fcnist Partileri Homs&#8217;taki Askeri Okula D\u00fczenlenen Ter\u00f6r Sald\u0131r\u0131s\u0131n\u0131 K\u0131nad\u0131"},"content":{"rendered":"<p style=\"text-align: justify;\"><strong>BRATISLAVA \u2013 HAVANA<\/strong> <strong>07 EK\u0130M (SANA)\u00a0<\/strong>\u2013 Slovakya ve K\u00fcba&#8217;daki Kom\u00fcnist Parti, Homs&#8217;taki Harp Okulu&#8217;ndaki subay \u00f6\u011frencilerinin mezuniyet t\u00f6renini hedef alan ter\u00f6r sald\u0131r\u0131s\u0131n\u0131 k\u0131nad\u0131.<\/p>\n<p style=\"text-align: justify;\">Slovakya Kom\u00fcnist Partisi Genel Ba\u015fkan\u0131 Josef Hrdli\u0161ka bug\u00fcn SANA&#8217;ya yapt\u0131\u011f\u0131 a\u00e7\u0131klamada: \u201cBu vah\u015fi, korkak\u00e7a sald\u0131r\u0131 nedeniyle \u00fczg\u00fcn\u00fcz ve \u00fcz\u00fcl\u00fcyoruz\u201d diyerek, dayan\u0131\u015fmas\u0131n\u0131 ve partisinin Suriye halk\u0131na, ma\u011fdur ve yaral\u0131lar\u0131n ailelerine verdi\u011fi deste\u011fini vurgulad\u0131.<\/p>\n<p style=\"text-align: justify;\">Hrdli\u0161ka, bu i\u011fren\u00e7 su\u00e7un faillerinin adalet \u00f6n\u00fcne \u00e7\u0131kar\u0131lmas\u0131 ve bunlar\u0131n arkas\u0131ndakilerin ortaya \u00e7\u0131kar\u0131lmas\u0131 gerekti\u011fini vurgulayarak, \u201culuslararas\u0131 toplumu uyan\u0131k ve ihtiyatl\u0131 olmaya, ter\u00f6rizmin her t\u00fcr\u00fcne kar\u015f\u0131 koyma ve insanl\u0131\u011f\u0131 \u015fimdi ve gelecekte tehdit eden en tehlikeli bela olarak ele alma konusunda tutumunu ve \u00e7abalar\u0131n\u0131 birle\u015ftirmeye \u00e7a\u011f\u0131r\u0131yoruz\u201d dedi.<\/p>\n<p style=\"text-align: justify;\">Hrdli\u0161ka, ba\u015fta G\u00fcvenlik Konseyi olmak \u00fczere uluslararas\u0131 kurum ve kurulu\u015flar\u0131n bu su\u00e7a y\u00f6nelik tarihi sorumluluklar\u0131n\u0131 yerine getirip k\u0131nama, bu ter\u00f6r \u00f6rg\u00fctlerini destekleyenleri if\u015fa edip hesap verme g\u00f6revine dikkat \u00e7ekti.<\/p>\n<p style=\"text-align: justify;\">Havana&#8217;da K\u00fcba Kom\u00fcnist Partisi, Homs kentindeki Harp Okuluna d\u00fczenlenen ve \u00e7ok say\u0131da sivil ve askerin \u015fehit olmas\u0131na, \u00e7ok say\u0131da akraba, kad\u0131n ve \u00e7ocu\u011fun yaralanmas\u0131na yol a\u00e7an ter\u00f6r sald\u0131r\u0131s\u0131n\u0131 \u015fiddetle k\u0131nad\u0131.<\/p>\n<p style=\"text-align: justify;\">K\u00fcba Kom\u00fcnist Partisi Uluslararas\u0131 \u0130li\u015fkiler B\u00f6l\u00fcm Ba\u015fkan\u0131 Emilio Losada, partinin bu ter\u00f6r sald\u0131r\u0131s\u0131n\u0131 \u015fiddetle k\u0131nad\u0131\u011f\u0131n\u0131 belirtirken, \u201ckendisi ve K\u00fcba Kom\u00fcnist Partisi ad\u0131na Suriye halk\u0131na, \u015fehitlerin ailelerine ve dostlar\u0131na en i\u00e7ten ba\u015fsa\u011fl\u0131\u011f\u0131 dileklerimizi iletiyoruz\u201d dedi.<\/p>\n<p style=\"text-align: justify;\"><a href=\"https:\/\/t.me\/SuriyeArapHaberAjansI\">Telegram Kanal\u0131m\u0131z\u00a0<\/a><\/p>\n<p style=\"text-align: justify;\"><a href=\"https:\/\/www.facebook.com\/SANAHaberAjansi\/\">Facebook Sayfam\u0131z<\/a><\/p>\n<p style=\"text-align: justify;\"><a href=\"https:\/\/twitter.com\/arap_ajans\">Twitter Hesab\u0131m\u0131z<\/a><\/p>\n","protected":false},"excerpt":{"rendered":"<p>BRATISLAVA \u2013 HAVANA 07 EK\u0130M (SANA)\u00a0\u2013 Slovakya ve K\u00fcba&#8217;daki Kom\u00fcnist Parti, Homs&#8217;taki Harp Okulu&#8217;ndaki subay \u00f6\u011frencilerinin mezuniyet t\u00f6renini hedef alan ter\u00f6r sald\u0131r\u0131s\u0131n\u0131 k\u0131nad\u0131. Slovakya Kom\u00fcnist Partisi Genel Ba\u015fkan\u0131 Josef Hrdli\u0161ka bug\u00fcn SANA&#8217;ya yapt\u0131\u011f\u0131 a\u00e7\u0131klamada: \u201cBu vah\u015fi, korkak\u00e7a sald\u0131r\u0131 nedeniyle \u00fczg\u00fcn\u00fcz ve \u00fcz\u00fcl\u00fcyoruz\u201d diyerek, dayan\u0131\u015fmas\u0131n\u0131 ve partisinin Suriye halk\u0131na, ma\u011fdur ve yaral\u0131lar\u0131n ailelerine verdi\u011fi deste\u011fini vurgulad\u0131. &hellip;<\/p>\n","protected":false},"author":36,"featured_media":289553,"comment_status":"closed","ping_status":"closed","sticky":false,"template":"","format":"standard","meta":{"footnotes":""},"categories":[458,459,17988],"tags":[40020],"class_list":["post-289552","post","type-post","status-publish","format-standard","has-post-thumbnail","","category-dunya1","category-haberler-arap-uluslararasi-politika","category-son-haberler","tag-slovak-ve-kuba-komunist-partileri-homstaki-askeri-okula-duzenlenen-teror-saldirisini-kinadi"],"_links":{"self":[{"href":"https:\/\/archive.sana.sy\/tr\/index.php?rest_route=\/wp\/v2\/posts\/289552","targetHints":{"allow":["GET"]}}],"collection":[{"href":"https:\/\/archive.sana.sy\/tr\/index.php?rest_route=\/wp\/v2\/posts"}],"about":[{"href":"https:\/\/archive.sana.sy\/tr\/index.php?rest_route=\/wp\/v2\/types\/post"}],"author":[{"embeddable":true,"href":"https:\/\/archive.sana.sy\/tr\/index.php?rest_route=\/wp\/v2\/users\/36"}],"replies":[{"embeddable":true,"href":"https:\/\/archive.sana.sy\/tr\/index.php?rest_route=%2Fwp%2Fv2%2Fcomments&post=289552"}],"version-history":[{"count":2,"href":"https:\/\/archive.sana.sy\/tr\/index.php?rest_route=\/wp\/v2\/posts\/289552\/revisions"}],"predecessor-version":[{"id":289573,"href":"https:\/\/archive.sana.sy\/tr\/index.php?rest_route=\/wp\/v2\/posts\/289552\/revisions\/289573"}],"wp:featuredmedia":[{"embeddable":true,"href":"https:\/\/archive.sana.sy\/tr\/index.php?rest_route=\/wp\/v2\/media\/289553"}],"wp:attachment":[{"href":"https:\/\/archive.sana.sy\/tr\/index.php?rest_route=%2Fwp%2Fv2%2Fmedia&parent=289552"}],"wp:term":[{"taxonomy":"category","embeddable":true,"href":"https:\/\/archive.sana.sy\/tr\/index.php?rest_route=%2Fwp%2Fv2%2Fcategories&post=289552"},{"taxonomy":"post_tag","embeddable":true,"href":"https:\/\/archive.sana.sy\/tr\/index.php?rest_route=%2Fwp%2Fv2%2Ftags&post=289552"}],"curies":[{"name":"wp","href":"https:\/\/api.w.org\/{rel}","templated":true}]}}