{"id":289555,"date":"2023-10-07T12:49:32","date_gmt":"2023-10-07T09:49:32","guid":{"rendered":"https:\/\/sana.sy\/tr\/?p=289555"},"modified":"2023-10-08T08:21:59","modified_gmt":"2023-10-08T05:21:59","slug":"bahreyn-harp-okuluna-duzenlenen-teror-saldirisinda-hayatini-kaybedenler-icin-suriyeye-bassagligi-diledi","status":"publish","type":"post","link":"https:\/\/archive.sana.sy\/tr\/?p=289555","title":{"rendered":"Bahreyn, Harp Okuluna D\u00fczenlenen Ter\u00f6r Sald\u0131r\u0131s\u0131nda Hayat\u0131n\u0131 Kaybedenler \u0130\u00e7in Suriye&#8217;ye Ba\u015fsa\u011fl\u0131\u011f\u0131 Diledi"},"content":{"rendered":"<p style=\"text-align: justify;\"><strong>MANAMA<\/strong> <strong>07 EK\u0130M (SANA)<\/strong>\u00a0\u2013 Bahreyn Krall\u0131\u011f\u0131, Homs&#8217;taki askeri Okulu subay \u00f6\u011frencilerinin mezuniyet t\u00f6renini hedef alan ter\u00f6r sald\u0131r\u0131s\u0131n\u0131 \u015fiddetle k\u0131nad\u0131.<\/p>\n<p style=\"text-align: justify;\">Resmi BNA haber ajans\u0131na g\u00f6re, Bahreyn D\u0131\u015fi\u015fleri Bakanl\u0131\u011f\u0131 bug\u00fcn yapt\u0131\u011f\u0131 a\u00e7\u0131klamada, t\u00fcm ahlaki, dini ve insani ilkelere ayk\u0131r\u0131 olan bu g\u00fcnahkar eylem sonucunda hayat\u0131n\u0131 kaybedenlerin ailelerine ve sevdiklerine, Suriye Arap Cumhuriyeti h\u00fck\u00fcmetine ve karde\u015f halk\u0131na en i\u00e7ten taziyelerini ifade ederek, t\u00fcm yaral\u0131lara acil \u015fifalar diledi<\/p>\n<p style=\"text-align: justify;\">Bakanl\u0131k, Bahreyn Krall\u0131\u011f\u0131&#8217;n\u0131n \u015fiddetin, a\u015f\u0131r\u0131c\u0131l\u0131\u011f\u0131n ve ter\u00f6rizmin her t\u00fcrl\u00fcs\u00fcn\u00fc reddetme konusundaki sa\u011flam ve kararl\u0131 tutumunu bir kez daha do\u011frulad\u0131.<\/p>\n<p style=\"text-align: justify;\"><a href=\"https:\/\/t.me\/SuriyeArapHaberAjansI\">Telegram Kanal\u0131m\u0131z\u00a0<\/a><\/p>\n<p style=\"text-align: justify;\"><a href=\"https:\/\/www.facebook.com\/SANAHaberAjansi\/\">Facebook Sayfam\u0131z<\/a><\/p>\n<p style=\"text-align: justify;\"><a href=\"https:\/\/twitter.com\/arap_ajans\">Twitter Hesab\u0131m\u0131z<\/a><\/p>\n","protected":false},"excerpt":{"rendered":"<p>MANAMA 07 EK\u0130M (SANA)\u00a0\u2013 Bahreyn Krall\u0131\u011f\u0131, Homs&#8217;taki askeri Okulu subay \u00f6\u011frencilerinin mezuniyet t\u00f6renini hedef alan ter\u00f6r sald\u0131r\u0131s\u0131n\u0131 \u015fiddetle k\u0131nad\u0131. Resmi BNA haber ajans\u0131na g\u00f6re, Bahreyn D\u0131\u015fi\u015fleri Bakanl\u0131\u011f\u0131 bug\u00fcn yapt\u0131\u011f\u0131 a\u00e7\u0131klamada, t\u00fcm ahlaki, dini ve insani ilkelere ayk\u0131r\u0131 olan bu g\u00fcnahkar eylem sonucunda hayat\u0131n\u0131 kaybedenlerin ailelerine ve sevdiklerine, Suriye Arap Cumhuriyeti h\u00fck\u00fcmetine ve karde\u015f halk\u0131na en &hellip;<\/p>\n","protected":false},"author":36,"featured_media":289556,"comment_status":"closed","ping_status":"closed","sticky":false,"template":"","format":"standard","meta":{"footnotes":""},"categories":[458,459,17988],"tags":[7320,40014],"class_list":["post-289555","post","type-post","status-publish","format-standard","has-post-thumbnail","","category-dunya1","category-haberler-arap-uluslararasi-politika","category-son-haberler","tag-bahreyn","tag-harp-okuluna-duzenlenen-teror-saldirisinda-hayatini-kaybedenler-icin-suriyeye-bassagligi-diledi"],"_links":{"self":[{"href":"https:\/\/archive.sana.sy\/tr\/index.php?rest_route=\/wp\/v2\/posts\/289555","targetHints":{"allow":["GET"]}}],"collection":[{"href":"https:\/\/archive.sana.sy\/tr\/index.php?rest_route=\/wp\/v2\/posts"}],"about":[{"href":"https:\/\/archive.sana.sy\/tr\/index.php?rest_route=\/wp\/v2\/types\/post"}],"author":[{"embeddable":true,"href":"https:\/\/archive.sana.sy\/tr\/index.php?rest_route=\/wp\/v2\/users\/36"}],"replies":[{"embeddable":true,"href":"https:\/\/archive.sana.sy\/tr\/index.php?rest_route=%2Fwp%2Fv2%2Fcomments&post=289555"}],"version-history":[{"count":2,"href":"https:\/\/archive.sana.sy\/tr\/index.php?rest_route=\/wp\/v2\/posts\/289555\/revisions"}],"predecessor-version":[{"id":289569,"href":"https:\/\/archive.sana.sy\/tr\/index.php?rest_route=\/wp\/v2\/posts\/289555\/revisions\/289569"}],"wp:featuredmedia":[{"embeddable":true,"href":"https:\/\/archive.sana.sy\/tr\/index.php?rest_route=\/wp\/v2\/media\/289556"}],"wp:attachment":[{"href":"https:\/\/archive.sana.sy\/tr\/index.php?rest_route=%2Fwp%2Fv2%2Fmedia&parent=289555"}],"wp:term":[{"taxonomy":"category","embeddable":true,"href":"https:\/\/archive.sana.sy\/tr\/index.php?rest_route=%2Fwp%2Fv2%2Fcategories&post=289555"},{"taxonomy":"post_tag","embeddable":true,"href":"https:\/\/archive.sana.sy\/tr\/index.php?rest_route=%2Fwp%2Fv2%2Ftags&post=289555"}],"curies":[{"name":"wp","href":"https:\/\/api.w.org\/{rel}","templated":true}]}}