{"id":289587,"date":"2023-10-07T10:32:30","date_gmt":"2023-10-07T07:32:30","guid":{"rendered":"https:\/\/sana.sy\/tr\/?p=289587"},"modified":"2023-10-08T08:21:36","modified_gmt":"2023-10-08T05:21:36","slug":"baskan-abbas-filistin-halki-yerlesimcilerin-ve-isgal-guclerinin-terorune-karsi-kendilerini-savunuyor","status":"publish","type":"post","link":"https:\/\/archive.sana.sy\/tr\/?p=289587","title":{"rendered":"Ba\u015fkan Abbas: Filistin Halk\u0131 Yerle\u015fimcilerin Ve \u0130\u015fgal G\u00fc\u00e7lerinin Ter\u00f6r\u00fcne Kar\u015f\u0131 Kendilerini Savunuyor"},"content":{"rendered":"<p style=\"text-align: justify;\"><strong>\u0130\u015eGAL ED\u0130LEN KUD\u00dcS 05 EK\u0130M (SANA)<\/strong> &#8211; Filistin Devlet Ba\u015fkan\u0131 Mahmud Abbas, Filistin halk\u0131n\u0131n kendisini yerle\u015fimcilerin ve \u0130srail i\u015fgal g\u00fc\u00e7lerinin ter\u00f6r\u00fcne kar\u015f\u0131 savundu\u011funu vurgulad\u0131.<\/p>\n<p style=\"text-align: justify;\">Wafa Ajans\u0131, Bug\u00fcn Ramallah&#8217;ta \u00e7ok say\u0131da yetkilinin kat\u0131ld\u0131\u011f\u0131 acil liderlik toplant\u0131s\u0131na ba\u015fkanl\u0131k eden Abbas\u2019\u0131n, Filistin halk\u0131na koruma sa\u011flanmas\u0131 ve onlar\u0131n kararl\u0131l\u0131\u011f\u0131n\u0131 ve kararl\u0131l\u0131\u011f\u0131n\u0131 g\u00fc\u00e7lendirmek i\u00e7in gereken her \u015feyin sa\u011flanmas\u0131 gerekti\u011fini kaydederek, Filistinlilerin kendilerini yerle\u015fimcilerin ve \u0130srail i\u015fgal g\u00fc\u00e7lerinin ter\u00f6r\u00fcne kar\u015f\u0131 savunma haklar\u0131n\u0131 vurgulad\u0131\u011f\u0131n\u0131 aktard\u0131.<\/p>\n<p style=\"text-align: justify;\"><a href=\"https:\/\/t.me\/SuriyeArapHaberAjansI\">Telegram Kanal\u0131m\u0131z\u00a0<\/a><\/p>\n<p style=\"text-align: justify;\"><a href=\"https:\/\/www.facebook.com\/SANAHaberAjansi\/\">Facebook Sayfam\u0131z<\/a><\/p>\n<p style=\"text-align: justify;\"><a href=\"https:\/\/twitter.com\/arap_ajans\">Twitter Hesab\u0131m\u0131z<\/a><\/p>\n","protected":false},"excerpt":{"rendered":"<p>\u0130\u015eGAL ED\u0130LEN KUD\u00dcS 05 EK\u0130M (SANA) &#8211; Filistin Devlet Ba\u015fkan\u0131 Mahmud Abbas, Filistin halk\u0131n\u0131n kendisini yerle\u015fimcilerin ve \u0130srail i\u015fgal g\u00fc\u00e7lerinin ter\u00f6r\u00fcne kar\u015f\u0131 savundu\u011funu vurgulad\u0131. Wafa Ajans\u0131, Bug\u00fcn Ramallah&#8217;ta \u00e7ok say\u0131da yetkilinin kat\u0131ld\u0131\u011f\u0131 acil liderlik toplant\u0131s\u0131na ba\u015fkanl\u0131k eden Abbas\u2019\u0131n, Filistin halk\u0131na koruma sa\u011flanmas\u0131 ve onlar\u0131n kararl\u0131l\u0131\u011f\u0131n\u0131 ve kararl\u0131l\u0131\u011f\u0131n\u0131 g\u00fc\u00e7lendirmek i\u00e7in gereken her \u015feyin sa\u011flanmas\u0131 gerekti\u011fini kaydederek, &hellip;<\/p>\n","protected":false},"author":41,"featured_media":289588,"comment_status":"closed","ping_status":"closed","sticky":false,"template":"","format":"standard","meta":{"footnotes":""},"categories":[458,459,17988],"tags":[40027],"class_list":["post-289587","post","type-post","status-publish","format-standard","has-post-thumbnail","","category-dunya1","category-haberler-arap-uluslararasi-politika","category-son-haberler","tag-baskan-abbas-filistin-halki-yerlesimcilerin-ve-isgal-guclerinin-terorune-karsi-kendilerini-savunuyor"],"_links":{"self":[{"href":"https:\/\/archive.sana.sy\/tr\/index.php?rest_route=\/wp\/v2\/posts\/289587","targetHints":{"allow":["GET"]}}],"collection":[{"href":"https:\/\/archive.sana.sy\/tr\/index.php?rest_route=\/wp\/v2\/posts"}],"about":[{"href":"https:\/\/archive.sana.sy\/tr\/index.php?rest_route=\/wp\/v2\/types\/post"}],"author":[{"embeddable":true,"href":"https:\/\/archive.sana.sy\/tr\/index.php?rest_route=\/wp\/v2\/users\/41"}],"replies":[{"embeddable":true,"href":"https:\/\/archive.sana.sy\/tr\/index.php?rest_route=%2Fwp%2Fv2%2Fcomments&post=289587"}],"version-history":[{"count":1,"href":"https:\/\/archive.sana.sy\/tr\/index.php?rest_route=\/wp\/v2\/posts\/289587\/revisions"}],"predecessor-version":[{"id":289589,"href":"https:\/\/archive.sana.sy\/tr\/index.php?rest_route=\/wp\/v2\/posts\/289587\/revisions\/289589"}],"wp:featuredmedia":[{"embeddable":true,"href":"https:\/\/archive.sana.sy\/tr\/index.php?rest_route=\/wp\/v2\/media\/289588"}],"wp:attachment":[{"href":"https:\/\/archive.sana.sy\/tr\/index.php?rest_route=%2Fwp%2Fv2%2Fmedia&parent=289587"}],"wp:term":[{"taxonomy":"category","embeddable":true,"href":"https:\/\/archive.sana.sy\/tr\/index.php?rest_route=%2Fwp%2Fv2%2Fcategories&post=289587"},{"taxonomy":"post_tag","embeddable":true,"href":"https:\/\/archive.sana.sy\/tr\/index.php?rest_route=%2Fwp%2Fv2%2Ftags&post=289587"}],"curies":[{"name":"wp","href":"https:\/\/api.w.org\/{rel}","templated":true}]}}