{"id":2896,"date":"2014-06-12T15:38:06","date_gmt":"2014-06-12T12:38:06","guid":{"rendered":"http:\/\/sanasyria.org\/tr\/?p=2896"},"modified":"2014-06-13T16:28:33","modified_gmt":"2014-06-13T13:28:33","slug":"homsta-bombali-eylem","status":"publish","type":"post","link":"https:\/\/archive.sana.sy\/tr\/?p=2896","title":{"rendered":"Homs\u2019ta Bombal\u0131 Eylem"},"content":{"rendered":"<p><span style=\"color: #800000\">HOMS \u2013<\/span> D\u0131\u015f g\u00fc\u00e7lerin patronajl\u0131\u011f\u0131nda sivil masum insanlar\u0131u hedef almaya devam eden tekfirci ve hain ter\u00f6r gruplar\u0131 bug\u00fcn Homs Kentinin Vadi el Dahab Semtinde Polis Lojmanlar\u0131 Bulvar\u0131 yak\u0131nlar\u0131nda bomba y\u00fckl\u00fc bir arac\u0131 havaya u\u00e7urdu.<\/p>\n<p>Homs Emniyet M\u00fcd\u00fcrl\u00fc\u011f\u00fcnde yetkili bir kaynak SANA\u2019ya a\u00e7\u0131klamas\u0131nda; gaddar bombal\u0131 eylem neticesinde ilk verilere g\u00f6re aralar\u0131nda \u00e7ocuk ve kad\u0131nlar\u0131n bulundu\u011fu 7 vatanda\u015f\u0131n \u015fehit, 25 vatanda\u015f\u0131n da yaral\u0131 d\u00fc\u015ft\u00fcklerini belirtti.<\/p>\n<p><a href=\"http:\/\/sanasyria.org\/tr\/wp-content\/uploads\/2014\/06\/homsta-patlama-4.jpg\"><img loading=\"lazy\" decoding=\"async\" class=\"aligncenter wp-image-2900 size-full\" src=\"http:\/\/sanasyria.org\/tr\/wp-content\/uploads\/2014\/06\/homsta-patlama-4.jpg\" alt=\"homsta patlama 4\" width=\"620\" height=\"330\" srcset=\"https:\/\/archive.sana.sy\/tr\/wp-content\/uploads\/2014\/06\/homsta-patlama-4.jpg 620w, https:\/\/archive.sana.sy\/tr\/wp-content\/uploads\/2014\/06\/homsta-patlama-4-150x79.jpg 150w, https:\/\/archive.sana.sy\/tr\/wp-content\/uploads\/2014\/06\/homsta-patlama-4-300x160.jpg 300w\" sizes=\"auto, (max-width: 620px) 100vw, 620px\" \/><\/a><\/p>\n<p><a href=\"http:\/\/sanasyria.org\/tr\/wp-content\/uploads\/2014\/06\/homsta-patlama-3.jpg\"><img loading=\"lazy\" decoding=\"async\" class=\"aligncenter wp-image-2899 size-full\" src=\"http:\/\/sanasyria.org\/tr\/wp-content\/uploads\/2014\/06\/homsta-patlama-3.jpg\" alt=\"homsta patlama 3\" width=\"620\" height=\"330\" srcset=\"https:\/\/archive.sana.sy\/tr\/wp-content\/uploads\/2014\/06\/homsta-patlama-3.jpg 620w, https:\/\/archive.sana.sy\/tr\/wp-content\/uploads\/2014\/06\/homsta-patlama-3-150x79.jpg 150w, https:\/\/archive.sana.sy\/tr\/wp-content\/uploads\/2014\/06\/homsta-patlama-3-300x160.jpg 300w\" sizes=\"auto, (max-width: 620px) 100vw, 620px\" \/><\/a><\/p>\n<p><a href=\"http:\/\/sanasyria.org\/tr\/wp-content\/uploads\/2014\/06\/homsta-patlama-2.jpg\"><img loading=\"lazy\" decoding=\"async\" class=\"aligncenter wp-image-2898 size-full\" src=\"http:\/\/sanasyria.org\/tr\/wp-content\/uploads\/2014\/06\/homsta-patlama-2.jpg\" alt=\"homsta patlama 2\" width=\"620\" height=\"330\" srcset=\"https:\/\/archive.sana.sy\/tr\/wp-content\/uploads\/2014\/06\/homsta-patlama-2.jpg 620w, https:\/\/archive.sana.sy\/tr\/wp-content\/uploads\/2014\/06\/homsta-patlama-2-150x79.jpg 150w, https:\/\/archive.sana.sy\/tr\/wp-content\/uploads\/2014\/06\/homsta-patlama-2-300x160.jpg 300w\" sizes=\"auto, (max-width: 620px) 100vw, 620px\" \/><\/a><\/p>\n<p><a href=\"http:\/\/sanasyria.org\/tr\/wp-content\/uploads\/2014\/06\/homsta-patlama-1.jpg\"><img loading=\"lazy\" decoding=\"async\" class=\"aligncenter wp-image-2897 size-full\" src=\"http:\/\/sanasyria.org\/tr\/wp-content\/uploads\/2014\/06\/homsta-patlama-1.jpg\" alt=\"homsta patlama 1\" width=\"620\" height=\"330\" srcset=\"https:\/\/archive.sana.sy\/tr\/wp-content\/uploads\/2014\/06\/homsta-patlama-1.jpg 620w, https:\/\/archive.sana.sy\/tr\/wp-content\/uploads\/2014\/06\/homsta-patlama-1-150x79.jpg 150w, https:\/\/archive.sana.sy\/tr\/wp-content\/uploads\/2014\/06\/homsta-patlama-1-300x160.jpg 300w\" sizes=\"auto, (max-width: 620px) 100vw, 620px\" \/><\/a><\/p>\n","protected":false},"excerpt":{"rendered":"<p>HOMS \u2013 D\u0131\u015f g\u00fc\u00e7lerin patronajl\u0131\u011f\u0131nda sivil masum insanlar\u0131u hedef almaya devam eden tekfirci ve hain ter\u00f6r gruplar\u0131 bug\u00fcn Homs Kentinin Vadi el Dahab Semtinde Polis Lojmanlar\u0131 Bulvar\u0131 yak\u0131nlar\u0131nda bomba y\u00fckl\u00fc bir arac\u0131 havaya u\u00e7urdu. Homs Emniyet M\u00fcd\u00fcrl\u00fc\u011f\u00fcnde yetkili bir kaynak SANA\u2019ya a\u00e7\u0131klamas\u0131nda; gaddar bombal\u0131 eylem neticesinde ilk verilere g\u00f6re aralar\u0131nda \u00e7ocuk ve kad\u0131nlar\u0131n bulundu\u011fu 7 &hellip;<\/p>\n","protected":false},"author":1,"featured_media":2901,"comment_status":"closed","ping_status":"closed","sticky":false,"template":"","format":"standard","meta":{"footnotes":""},"categories":[479,575,478],"tags":[646],"class_list":["post-2896","post","type-post","status-publish","format-standard","has-post-thumbnail","","category-haberler-yerel","category-olaylar-ve-gercekler","category-yerel","tag-homsta-bombali-eylem"],"_links":{"self":[{"href":"https:\/\/archive.sana.sy\/tr\/index.php?rest_route=\/wp\/v2\/posts\/2896","targetHints":{"allow":["GET"]}}],"collection":[{"href":"https:\/\/archive.sana.sy\/tr\/index.php?rest_route=\/wp\/v2\/posts"}],"about":[{"href":"https:\/\/archive.sana.sy\/tr\/index.php?rest_route=\/wp\/v2\/types\/post"}],"author":[{"embeddable":true,"href":"https:\/\/archive.sana.sy\/tr\/index.php?rest_route=\/wp\/v2\/users\/1"}],"replies":[{"embeddable":true,"href":"https:\/\/archive.sana.sy\/tr\/index.php?rest_route=%2Fwp%2Fv2%2Fcomments&post=2896"}],"version-history":[{"count":0,"href":"https:\/\/archive.sana.sy\/tr\/index.php?rest_route=\/wp\/v2\/posts\/2896\/revisions"}],"wp:featuredmedia":[{"embeddable":true,"href":"https:\/\/archive.sana.sy\/tr\/index.php?rest_route=\/wp\/v2\/media\/2901"}],"wp:attachment":[{"href":"https:\/\/archive.sana.sy\/tr\/index.php?rest_route=%2Fwp%2Fv2%2Fmedia&parent=2896"}],"wp:term":[{"taxonomy":"category","embeddable":true,"href":"https:\/\/archive.sana.sy\/tr\/index.php?rest_route=%2Fwp%2Fv2%2Fcategories&post=2896"},{"taxonomy":"post_tag","embeddable":true,"href":"https:\/\/archive.sana.sy\/tr\/index.php?rest_route=%2Fwp%2Fv2%2Ftags&post=2896"}],"curies":[{"name":"wp","href":"https:\/\/api.w.org\/{rel}","templated":true}]}}