{"id":289609,"date":"2023-10-07T19:24:14","date_gmt":"2023-10-07T16:24:14","guid":{"rendered":"https:\/\/sana.sy\/tr\/?p=289609"},"modified":"2023-10-08T08:25:03","modified_gmt":"2023-10-08T05:25:03","slug":"lavrov-mikdada-yazdigi-mektupta-harp-okuluna-duzenlenen-teror-saldirisini-kinadi","status":"publish","type":"post","link":"https:\/\/archive.sana.sy\/tr\/?p=289609","title":{"rendered":"Lavrov, Mikdad&#8217;a Yazd\u0131\u011f\u0131 Mektupta Harp Okuluna D\u00fczenlenen Ter\u00f6r Sald\u0131r\u0131s\u0131n\u0131 K\u0131nad\u0131"},"content":{"rendered":"<p style=\"text-align: justify;\"><strong>MOSKOVA 07 EK\u0130M (SANA)<\/strong> &#8211; Rusya D\u0131\u015fi\u015fleri Bakan\u0131 Sergey Lavrov, \u00f6nceki g\u00fcn Homs&#8217;ta harp okulu subay\u0131 \u00f6\u011frencilerinin mezuniyet t\u00f6renini hedef alan ter\u00f6r sald\u0131r\u0131s\u0131n\u0131 k\u0131nad\u0131.<\/p>\n<p style=\"text-align: justify;\">Lavrov, bug\u00fcn bir n\u00fcshas\u0131 SANA&#8217;ya ula\u015fan D\u0131\u015fi\u015fleri ve G\u00f6\u00e7menler Bakan\u0131\u00a0 Faysal Mikdad&#8217;a yazd\u0131\u011f\u0131 mektupta \u015funlar\u0131 s\u00f6yledi: \u2018\u2019Homs&#8217;taki Harp Okulu&#8217;na bu ay\u0131n be\u015finde \u00f6\u011frencilerin mezuniyet t\u00f6reninde d\u00fczenlenen ter\u00f6r sald\u0131r\u0131s\u0131n\u0131n trajik yans\u0131malar\u0131n\u0131 \u00f6\u011frendi\u011fimde derin bir \u00fcz\u00fcnt\u00fc duydum.\u2019\u2019<\/p>\n<p style=\"text-align: justify;\">Lavrov ayr\u0131ca, \u2018\u2019Bu insanl\u0131k d\u0131\u015f\u0131 su\u00e7u \u015fiddetle k\u0131n\u0131yor, \u015fehit ailelerine en i\u00e7ten taziye ve taziyelerimizi, yaral\u0131lara acil \u015fifa dileklerimizi iletmenizi umuyorum\u2019\u2019 ifadelerini s\u00f6zlerine ekledi.<\/p>\n<p style=\"text-align: justify;\"><a href=\"https:\/\/t.me\/SuriyeArapHaberAjansI\">Telegram Kanal\u0131m\u0131z\u00a0<\/a><\/p>\n<p style=\"text-align: justify;\"><a href=\"https:\/\/www.facebook.com\/SANAHaberAjansi\/\">Facebook Sayfam\u0131z<\/a><\/p>\n<p style=\"text-align: justify;\"><a href=\"https:\/\/twitter.com\/arap_ajans\">Twitter Hesab\u0131m\u0131z<\/a><\/p>\n","protected":false},"excerpt":{"rendered":"<p>MOSKOVA 07 EK\u0130M (SANA) &#8211; Rusya D\u0131\u015fi\u015fleri Bakan\u0131 Sergey Lavrov, \u00f6nceki g\u00fcn Homs&#8217;ta harp okulu subay\u0131 \u00f6\u011frencilerinin mezuniyet t\u00f6renini hedef alan ter\u00f6r sald\u0131r\u0131s\u0131n\u0131 k\u0131nad\u0131. Lavrov, bug\u00fcn bir n\u00fcshas\u0131 SANA&#8217;ya ula\u015fan D\u0131\u015fi\u015fleri ve G\u00f6\u00e7menler Bakan\u0131\u00a0 Faysal Mikdad&#8217;a yazd\u0131\u011f\u0131 mektupta \u015funlar\u0131 s\u00f6yledi: \u2018\u2019Homs&#8217;taki Harp Okulu&#8217;na bu ay\u0131n be\u015finde \u00f6\u011frencilerin mezuniyet t\u00f6reninde d\u00fczenlenen ter\u00f6r sald\u0131r\u0131s\u0131n\u0131n trajik yans\u0131malar\u0131n\u0131 \u00f6\u011frendi\u011fimde &hellip;<\/p>\n","protected":false},"author":41,"featured_media":289610,"comment_status":"closed","ping_status":"closed","sticky":false,"template":"","format":"standard","meta":{"footnotes":""},"categories":[458,459,17988],"tags":[1977,40038,4625,19043,22182],"class_list":["post-289609","post","type-post","status-publish","format-standard","has-post-thumbnail","","category-dunya1","category-haberler-arap-uluslararasi-politika","category-son-haberler","tag-lavrov","tag-mikdada-yazdigi-mektupta-harp-okuluna-duzenlenen-teror-saldirisini-kinadi","tag-suriye-ve-rusya","tag-suriyede-son-durum","tag-suriyede-savas"],"_links":{"self":[{"href":"https:\/\/archive.sana.sy\/tr\/index.php?rest_route=\/wp\/v2\/posts\/289609","targetHints":{"allow":["GET"]}}],"collection":[{"href":"https:\/\/archive.sana.sy\/tr\/index.php?rest_route=\/wp\/v2\/posts"}],"about":[{"href":"https:\/\/archive.sana.sy\/tr\/index.php?rest_route=\/wp\/v2\/types\/post"}],"author":[{"embeddable":true,"href":"https:\/\/archive.sana.sy\/tr\/index.php?rest_route=\/wp\/v2\/users\/41"}],"replies":[{"embeddable":true,"href":"https:\/\/archive.sana.sy\/tr\/index.php?rest_route=%2Fwp%2Fv2%2Fcomments&post=289609"}],"version-history":[{"count":2,"href":"https:\/\/archive.sana.sy\/tr\/index.php?rest_route=\/wp\/v2\/posts\/289609\/revisions"}],"predecessor-version":[{"id":289616,"href":"https:\/\/archive.sana.sy\/tr\/index.php?rest_route=\/wp\/v2\/posts\/289609\/revisions\/289616"}],"wp:featuredmedia":[{"embeddable":true,"href":"https:\/\/archive.sana.sy\/tr\/index.php?rest_route=\/wp\/v2\/media\/289610"}],"wp:attachment":[{"href":"https:\/\/archive.sana.sy\/tr\/index.php?rest_route=%2Fwp%2Fv2%2Fmedia&parent=289609"}],"wp:term":[{"taxonomy":"category","embeddable":true,"href":"https:\/\/archive.sana.sy\/tr\/index.php?rest_route=%2Fwp%2Fv2%2Fcategories&post=289609"},{"taxonomy":"post_tag","embeddable":true,"href":"https:\/\/archive.sana.sy\/tr\/index.php?rest_route=%2Fwp%2Fv2%2Ftags&post=289609"}],"curies":[{"name":"wp","href":"https:\/\/api.w.org\/{rel}","templated":true}]}}