{"id":289633,"date":"2023-10-07T11:55:53","date_gmt":"2023-10-07T08:55:53","guid":{"rendered":"https:\/\/sana.sy\/tr\/?p=289633"},"modified":"2023-10-09T08:23:11","modified_gmt":"2023-10-09T05:23:11","slug":"silahli-kuvvetlerimize-bagli-birimler-halep-ve-idlib-kirsalindaki-teror-bolgelerine-yogun-saldirilar-gerceklestirdi-video","status":"publish","type":"post","link":"https:\/\/archive.sana.sy\/tr\/?p=289633","title":{"rendered":"Silahl\u0131 Kuvvetlerimize Ba\u011fl\u0131 Birimler Halep Ve \u0130dlib K\u0131rsal\u0131ndaki Ter\u00f6r B\u00f6lgelerine Yo\u011fun Sald\u0131r\u0131lar Ger\u00e7ekle\u015ftirdi \u2013 Video"},"content":{"rendered":"<p style=\"text-align: justify;\"><strong>\u015eAM 07 EK<\/strong><strong>\u0130M (SANA)<\/strong> &#8211; Silahl\u0131 kuvvetlerimize ba\u011fl\u0131 birlikler Halep ve \u0130dlib k\u0131rsal\u0131ndaki ter\u00f6r noktalar\u0131na yo\u011fun sald\u0131r\u0131lar d\u00fczenleyerek kararg\u00e2h i\u00e7erisinde onlarca ter\u00f6risti \u00f6ld\u00fcr\u00fcp yaralad\u0131 ve imha etti.<\/p>\n<p style=\"text-align: justify;\">Savunma Bakanl\u0131\u011f\u0131 bug\u00fcn yapt\u0131\u011f\u0131 a\u00e7\u0131klamada, &#8220;Ter\u00f6r \u00f6rg\u00fctlerinin Halep ve \u0130dlib k\u0131rsal\u0131ndaki g\u00fcvenli k\u00f6y, kasaba ve askeri noktalara y\u00f6nelik sald\u0131r\u0131lar\u0131na kar\u015f\u0131l\u0131k silahl\u0131 kuvvetlerimizce s\u00fcrd\u00fcr\u00fclen operasyonlar kapsam\u0131nda, Silahl\u0131 kuvvetlerimize ba\u011fl\u0131 birimler, \u00e7ok say\u0131da ter\u00f6rist karargah\u0131n\u0131, e\u011fitim alanlar\u0131n\u0131 ve sakland\u0131klar\u0131 ma\u011faralar\u0131 dikkatli bir \u015fekilde takip ettikten sonra yo\u011fun hava, f\u00fcze ve top\u00e7u sald\u0131r\u0131lar\u0131 ger\u00e7ekle\u015ftirdi&#8221; dedi.<\/p>\n<p style=\"text-align: justify;\">Bakanl\u0131k ayr\u0131ca, &#8221;Silahl\u0131 kuvvetlerimize ba\u011fl\u0131 birimlerimiz ayn\u0131 do\u011frultuda ter\u00f6ristlerin hareket ve mevkilerine gece sald\u0131r\u0131lar\u0131 da d\u00fczenlemi\u015ftir. Bu durum onlarca ter\u00f6ristin kararg\u00e2hlar\u0131nda \u00f6ld\u00fcr\u00fclmesine, yaralanmas\u0131na, te\u00e7hizat ve silahlar\u0131n\u0131n imha edilmesine yol a\u00e7t\u0131&#8221; ifadelerini a\u00e7\u0131klamas\u0131na ekledi.<\/p>\n<p><iframe loading=\"lazy\" title=\"\u0648\u062d\u062f\u0627\u062a \u0645\u0646 \u0642\u0648\u0627\u062a\u0646\u0627 \u0627\u0644\u0645\u0633\u0644\u062d\u0629 \u062a\u0646\u0641\u0630 \u0636\u0631\u0628\u0627\u062a \u0645\u0631\u0643\u0632\u0629 \u0639\u0644\u0649 \u0645\u0648\u0627\u0642\u0639 \u0627\u0644\u0625\u0631\u0647\u0627\u0628\u064a\u064a\u0646 \u0641\u064a \u0631\u064a\u0641\u064a \u062d\u0644\u0628 \u0648\u0625\u062f\u0644\u0628\" src=\"https:\/\/www.youtube.com\/embed\/Ou5Nc2p7QyA\" width=\"620\" height=\"348\" frameborder=\"0\" allowfullscreen=\"allowfullscreen\"><\/iframe><\/p>\n<p><a href=\"https:\/\/t.me\/SuriyeArapHaberAjansI\">Telegram Kanal\u0131m\u0131z\u00a0<\/a><\/p>\n<p><a href=\"https:\/\/www.facebook.com\/SANAHaberAjansi\/\">Facebook Sayfam\u0131z<\/a><\/p>\n<p><a href=\"https:\/\/twitter.com\/arap_ajans\">Twitter Hesab\u0131m\u0131z<\/a><\/p>\n","protected":false},"excerpt":{"rendered":"<p>\u015eAM 07 EK\u0130M (SANA) &#8211; Silahl\u0131 kuvvetlerimize ba\u011fl\u0131 birlikler Halep ve \u0130dlib k\u0131rsal\u0131ndaki ter\u00f6r noktalar\u0131na yo\u011fun sald\u0131r\u0131lar d\u00fczenleyerek kararg\u00e2h i\u00e7erisinde onlarca ter\u00f6risti \u00f6ld\u00fcr\u00fcp yaralad\u0131 ve imha etti. Savunma Bakanl\u0131\u011f\u0131 bug\u00fcn yapt\u0131\u011f\u0131 a\u00e7\u0131klamada, &#8220;Ter\u00f6r \u00f6rg\u00fctlerinin Halep ve \u0130dlib k\u0131rsal\u0131ndaki g\u00fcvenli k\u00f6y, kasaba ve askeri noktalara y\u00f6nelik sald\u0131r\u0131lar\u0131na kar\u015f\u0131l\u0131k silahl\u0131 kuvvetlerimizce s\u00fcrd\u00fcr\u00fclen operasyonlar kapsam\u0131nda, Silahl\u0131 kuvvetlerimize ba\u011fl\u0131 &hellip;<\/p>\n","protected":false},"author":41,"featured_media":289634,"comment_status":"closed","ping_status":"closed","sticky":false,"template":"","format":"standard","meta":{"footnotes":""},"categories":[479,575,17988,478],"tags":[],"class_list":["post-289633","post","type-post","status-publish","format-standard","has-post-thumbnail","","category-haberler-yerel","category-olaylar-ve-gercekler","category-son-haberler","category-yerel"],"_links":{"self":[{"href":"https:\/\/archive.sana.sy\/tr\/index.php?rest_route=\/wp\/v2\/posts\/289633","targetHints":{"allow":["GET"]}}],"collection":[{"href":"https:\/\/archive.sana.sy\/tr\/index.php?rest_route=\/wp\/v2\/posts"}],"about":[{"href":"https:\/\/archive.sana.sy\/tr\/index.php?rest_route=\/wp\/v2\/types\/post"}],"author":[{"embeddable":true,"href":"https:\/\/archive.sana.sy\/tr\/index.php?rest_route=\/wp\/v2\/users\/41"}],"replies":[{"embeddable":true,"href":"https:\/\/archive.sana.sy\/tr\/index.php?rest_route=%2Fwp%2Fv2%2Fcomments&post=289633"}],"version-history":[{"count":2,"href":"https:\/\/archive.sana.sy\/tr\/index.php?rest_route=\/wp\/v2\/posts\/289633\/revisions"}],"predecessor-version":[{"id":289639,"href":"https:\/\/archive.sana.sy\/tr\/index.php?rest_route=\/wp\/v2\/posts\/289633\/revisions\/289639"}],"wp:featuredmedia":[{"embeddable":true,"href":"https:\/\/archive.sana.sy\/tr\/index.php?rest_route=\/wp\/v2\/media\/289634"}],"wp:attachment":[{"href":"https:\/\/archive.sana.sy\/tr\/index.php?rest_route=%2Fwp%2Fv2%2Fmedia&parent=289633"}],"wp:term":[{"taxonomy":"category","embeddable":true,"href":"https:\/\/archive.sana.sy\/tr\/index.php?rest_route=%2Fwp%2Fv2%2Fcategories&post=289633"},{"taxonomy":"post_tag","embeddable":true,"href":"https:\/\/archive.sana.sy\/tr\/index.php?rest_route=%2Fwp%2Fv2%2Ftags&post=289633"}],"curies":[{"name":"wp","href":"https:\/\/api.w.org\/{rel}","templated":true}]}}