{"id":289636,"date":"2023-10-08T11:45:16","date_gmt":"2023-10-08T08:45:16","guid":{"rendered":"https:\/\/sana.sy\/tr\/?p=289636"},"modified":"2023-10-09T08:23:38","modified_gmt":"2023-10-09T05:23:38","slug":"lubnanda-ulusal-direnis-milli-direnisteki-sehit-komutan-hac-imad-mugniyenin-gruplari-bu-sabah-isgal-altindaki-lubnanin-seba-ciftlikleri-bolgesindeki-uc-israil-isgal-alanini-hedef-aldi","status":"publish","type":"post","link":"https:\/\/archive.sana.sy\/tr\/?p=289636","title":{"rendered":"L\u00fcbnan&#8217;daki Ulusal Direni\u015f, \u0130\u015fgal Alt\u0131ndaki L\u00fcbnan&#8217;\u0131n \u015eeba \u00c7iftlikleri B\u00f6lgesindeki \u00dc\u00e7 \u0130srail \u0130\u015fgal Alan\u0131n\u0131 Hedef Ald\u0131"},"content":{"rendered":"<p style=\"text-align: justify;\"><strong>BEYRUT 08 Ekim (SANA)<\/strong> \u2013 L\u00fcbnan&#8217;daki Ulusal Direni\u015f, i\u015fgal alt\u0131ndaki L\u00fcbnan&#8217;\u0131n \u015eeba \u00c7iftlikleri b\u00f6lgesindeki \u00fc\u00e7 \u0130srail i\u015fgal b\u00f6lgesinin hedef al\u0131nd\u0131\u011f\u0131n\u0131 duyurdu.<\/p>\n<p style=\"text-align: justify;\">L\u00fcbnan Ulusal Direni\u015f&#8217;ten yap\u0131lan a\u00e7\u0131klamada, \u015fehidin Milli Direni\u015f Komutan\u0131 Hac \u0130mad Mu\u011fniye&#8217;nin gruplar\u0131n\u0131n bu sabah i\u015fgal alt\u0131ndaki L\u00fcbnan&#8217;\u0131n \u015eeba \u00c7iftlikleri b\u00f6lgesindeki \u00fc\u00e7 \u0130srail i\u015fgal b\u00f6lgesini hedef ald\u0131\u011f\u0131 belirtildi.<\/p>\n<p style=\"text-align: justify;\">Direni\u015f ayr\u0131ca, hedeflenen b\u00f6lgelerin El Radar, Zibdin ve Ruveysat El Alam oldu\u011funu ekledi.<\/p>\n<p style=\"text-align: justify;\">Direni\u015f, sald\u0131r\u0131n\u0131n \u00e7ok say\u0131da top mermisi ve f\u00fczeyle ger\u00e7ekle\u015ftirildi\u011fini ve mevzilerin do\u011frudan vuruldu\u011funa da i\u015faret etti.<\/p>\n<p style=\"text-align: justify;\"><a href=\"https:\/\/t.me\/SuriyeArapHaberAjansI\">Telegram Kanal\u0131m\u0131z\u00a0<\/a><\/p>\n<p style=\"text-align: justify;\"><a href=\"https:\/\/www.facebook.com\/SANAHaberAjansi\/\">Facebook Sayfam\u0131z<\/a><\/p>\n<p style=\"text-align: justify;\"><a href=\"https:\/\/twitter.com\/arap_ajans\">Twitter Hesab\u0131m\u0131z<\/a><\/p>\n","protected":false},"excerpt":{"rendered":"<p>BEYRUT 08 Ekim (SANA) \u2013 L\u00fcbnan&#8217;daki Ulusal Direni\u015f, i\u015fgal alt\u0131ndaki L\u00fcbnan&#8217;\u0131n \u015eeba \u00c7iftlikleri b\u00f6lgesindeki \u00fc\u00e7 \u0130srail i\u015fgal b\u00f6lgesinin hedef al\u0131nd\u0131\u011f\u0131n\u0131 duyurdu. L\u00fcbnan Ulusal Direni\u015f&#8217;ten yap\u0131lan a\u00e7\u0131klamada, \u015fehidin Milli Direni\u015f Komutan\u0131 Hac \u0130mad Mu\u011fniye&#8217;nin gruplar\u0131n\u0131n bu sabah i\u015fgal alt\u0131ndaki L\u00fcbnan&#8217;\u0131n \u015eeba \u00c7iftlikleri b\u00f6lgesindeki \u00fc\u00e7 \u0130srail i\u015fgal b\u00f6lgesini hedef ald\u0131\u011f\u0131 belirtildi. Direni\u015f ayr\u0131ca, hedeflenen b\u00f6lgelerin El Radar, &hellip;<\/p>\n","protected":false},"author":39,"featured_media":289646,"comment_status":"closed","ping_status":"closed","sticky":false,"template":"","format":"standard","meta":{"footnotes":""},"categories":[458,459,17988],"tags":[40043,40045,40044],"class_list":["post-289636","post","type-post","status-publish","format-standard","has-post-thumbnail","","category-dunya1","category-haberler-arap-uluslararasi-politika","category-son-haberler","tag-filistin-aksatufani","tag-isgal-altindaki-lubnanin-seba-ciftlikleri-bolgesindeki-uc-israil-isgal-alanini-hedef-aldi","tag-lubnandaki-ulusal-direnis"],"_links":{"self":[{"href":"https:\/\/archive.sana.sy\/tr\/index.php?rest_route=\/wp\/v2\/posts\/289636","targetHints":{"allow":["GET"]}}],"collection":[{"href":"https:\/\/archive.sana.sy\/tr\/index.php?rest_route=\/wp\/v2\/posts"}],"about":[{"href":"https:\/\/archive.sana.sy\/tr\/index.php?rest_route=\/wp\/v2\/types\/post"}],"author":[{"embeddable":true,"href":"https:\/\/archive.sana.sy\/tr\/index.php?rest_route=\/wp\/v2\/users\/39"}],"replies":[{"embeddable":true,"href":"https:\/\/archive.sana.sy\/tr\/index.php?rest_route=%2Fwp%2Fv2%2Fcomments&post=289636"}],"version-history":[{"count":5,"href":"https:\/\/archive.sana.sy\/tr\/index.php?rest_route=\/wp\/v2\/posts\/289636\/revisions"}],"predecessor-version":[{"id":289649,"href":"https:\/\/archive.sana.sy\/tr\/index.php?rest_route=\/wp\/v2\/posts\/289636\/revisions\/289649"}],"wp:featuredmedia":[{"embeddable":true,"href":"https:\/\/archive.sana.sy\/tr\/index.php?rest_route=\/wp\/v2\/media\/289646"}],"wp:attachment":[{"href":"https:\/\/archive.sana.sy\/tr\/index.php?rest_route=%2Fwp%2Fv2%2Fmedia&parent=289636"}],"wp:term":[{"taxonomy":"category","embeddable":true,"href":"https:\/\/archive.sana.sy\/tr\/index.php?rest_route=%2Fwp%2Fv2%2Fcategories&post=289636"},{"taxonomy":"post_tag","embeddable":true,"href":"https:\/\/archive.sana.sy\/tr\/index.php?rest_route=%2Fwp%2Fv2%2Ftags&post=289636"}],"curies":[{"name":"wp","href":"https:\/\/api.w.org\/{rel}","templated":true}]}}