{"id":289650,"date":"2023-10-08T15:00:00","date_gmt":"2023-10-08T12:00:00","guid":{"rendered":"https:\/\/sana.sy\/tr\/?p=289650"},"modified":"2023-10-09T13:45:42","modified_gmt":"2023-10-09T10:45:42","slug":"aksa-tufani-harekatinin-ikinci-gununde-one-cikan-gelismeler","status":"publish","type":"post","link":"https:\/\/archive.sana.sy\/tr\/?p=289650","title":{"rendered":"\u0130kinci G\u00fcn\u00fcnde&#8230; \u201cAksa Tufan\u0131\u201d Harekat\u0131&#8217;n\u0131n \u00d6ne \u00c7\u0131kan Geli\u015fmeler"},"content":{"rendered":"<p style=\"text-align: justify;\"><strong>\u0130\u015eGAL ED\u0130LEN KUD\u00dcS 08 Ekim (SANA) \u2013<\/strong>Filistinli direni\u015finin \u0130srail i\u015fgalinin sald\u0131r\u0131lar\u0131na yan\u0131t olarak ba\u015flatt\u0131\u011f\u0131 Aksa Tufan\u0131 Harekat\u0131&#8217;nda \u00f6ne \u00e7\u0131kan geli\u015fmeler:<\/p>\n<ul style=\"text-align: justify;\">\n<li>\u0130srail i\u015fgal u\u00e7a\u011f\u0131n\u0131n Gazze \u015eeridi&#8217;nin kuzeyindeki Beyt Hanun&#8217;da bir evi bombalamas\u0131 sonucu 2 Filistinli \u00f6ld\u00fc, \u00e7ok say\u0131da ki\u015fi de yaraland\u0131.<\/li>\n<li>Filistinli medyas\u0131: \u00dc\u00e7 Filistinli direni\u015f sava\u015f\u00e7\u0131s\u0131 A\u015fkelon yak\u0131nlar\u0131nda \u0130srail i\u015fgal kur\u015funlar\u0131 sonucu \u015fehit d\u00fc\u015ft\u00fc.<\/li>\n<li>\u0130srail d\u00fc\u015fman medyas\u0131, A\u015fkelon&#8217;un g\u00fcneyindeki Mafkim yerle\u015fiminde Filistin direni\u015finin a\u00e7t\u0131\u011f\u0131 ate\u015f sonucu 15 yerle\u015fimcinin \u00f6ld\u00fcr\u00fcld\u00fc\u011f\u00fcn\u00fc duyurdu.<\/li>\n<li>\u0130srail d\u00fc\u015fman medyas\u0131, 24 saat s\u00fcren yo\u011fun \u00e7at\u0131\u015fmalar\u0131n ard\u0131ndan Filistinli direni\u015f sava\u015f\u00e7\u0131lar\u0131n\u0131n kibbutzim b\u00f6lgesi ve askeri alanlar da dahil olmak \u00fczere hala 6 noktay\u0131 kontrol etti\u011fini itiraf ediyor.<\/li>\n<li>Filistinli Sa\u011fl\u0131k Bakanl\u0131\u011f\u0131: \u0130srail&#8217;in Gazze \u015eeridi&#8217;nde ikinci g\u00fcn\u00fcnde de devam eden sald\u0131r\u0131s\u0131 sonucunda 313 \u015fehit ve 1.990 ki\u015fi yaraland\u0131.<\/li>\n<li>\u0130srail d\u00fc\u015fman medyas\u0131, Filistin direni\u015f operasyonu &#8220;Aksa Tufan\u0131&#8221; s\u0131ras\u0131nda i\u015fgalci askerler ve yerle\u015fimcilerden \u00f6lenlerin say\u0131s\u0131n\u0131n 350&#8217;ye, yaral\u0131lar\u0131n ise 1.800&#8217;e y\u00fckseldi\u011fini duyurdu.<\/li>\n<li>\u00a0Gazze \u015eeridi&#8217;nin g\u00fcneyinde Han Yunus&#8217;un do\u011fusundaki Haza&#8217;a&#8217;da i\u015fgalcilerin bir evi bombalamas\u0131 sonucu 3 Filistinli \u015fehit d\u00fc\u015ft\u00fc.<\/li>\n<li>\u0130srail d\u00fc\u015fman medyas\u0131, 24 saat s\u00fcren yo\u011fun \u00e7at\u0131\u015fmalar\u0131n ard\u0131ndan Filistinli direni\u015f sava\u015f\u00e7\u0131lar\u0131n\u0131n h\u00e2l\u00e2 kibbutzim ve askeri alanlar da dahil olmak \u00fczere 6 noktay\u0131 kontrol etti\u011fini itiraf etti.<\/li>\n<li>Gazze \u015eeridi&#8217;nin bat\u0131s\u0131ndaki El Nasr mahallesindeki evlerine \u0130srail i\u015fgal hava sald\u0131r\u0131s\u0131 sonucu 6 Filistinli \u015fehit d\u00fc\u015ft\u00fc.<\/li>\n<li>\u0130srail&#8217;in son 24 saatteki sald\u0131rganl\u0131\u011f\u0131 sonucu 20&#8217;si \u00e7ocuk 256 Filistinli \u015fehit d\u00fc\u015ft\u00fc, 121&#8217;i \u00e7ocuk 1.788 ki\u015fi \u00e7e\u015fitli yaralanmalarla yaraland\u0131.<\/li>\n<li>\u0130srail d\u00fc\u015fman medyas\u0131, Filistinli direni\u015finin ba\u015flatt\u0131\u011f\u0131 Mescid-i Aksa Tufan\u0131 Harekat\u0131&#8217;n\u0131n ba\u015flang\u0131c\u0131ndan bu yana \u0130srail&#8217;de \u00f6lenlerin say\u0131s\u0131n\u0131n 300&#8217;\u00fc, yaral\u0131lar\u0131n ise 1.600&#8217;\u00fc a\u015ft\u0131\u011f\u0131n\u0131 duyurdu.<\/li>\n<li>\u0130srail i\u015fgal u\u00e7aklar\u0131, Gazze \u015eeridi&#8217;nin El Nasr mahallesindeki 11 katl\u0131 El Akluk Kulesi&#8217;ni tamamen tahrip etti.<\/li>\n<li>\u0130srail d\u00fc\u015fman medyas\u0131: Resmi olmayan tahminlere g\u00f6re Filistinli direni\u015finin ba\u015flatt\u0131\u011f\u0131 Mescid-i Aksa Tufan\u0131 Operasyonu&#8217;nun ba\u015flang\u0131c\u0131ndan bu yana 750 \u0130srailli kay\u0131p.<\/li>\n<li><span style=\"color: #0000ff;\"><a style=\"color: #0000ff;\" href=\"https:\/\/www.sana.sy\/tr\/?p=289626\">\u0130\u015fgal U\u00e7aklar\u0131 Gazze \u015eeridi\u2019ndeki Konutlar\u0131 Y\u0131kt\u0131 Ve \u015eehitlerin Say\u0131s\u0131 Art\u0131yor<\/a><\/span><\/li>\n<li>A\u015fkelon kentindeki i\u015fgal b\u00f6lgelerine d\u00fczenlenen direni\u015f bombard\u0131man\u0131 sonucu yedi yerle\u015fimci yaraland\u0131.<\/li>\n<\/ul>\n<p style=\"text-align: justify;\"><a href=\"https:\/\/t.me\/SuriyeArapHaberAjansI\">Telegram Kanal\u0131m\u0131z\u00a0<\/a><\/p>\n<p style=\"text-align: justify;\"><a href=\"https:\/\/www.facebook.com\/SANAHaberAjansi\/\">Facebook Sayfam\u0131z<\/a><\/p>\n<p style=\"text-align: justify;\"><a href=\"https:\/\/twitter.com\/arap_ajans\">Twitter Hesab\u0131m\u0131z<\/a><\/p>\n","protected":false},"excerpt":{"rendered":"<p>\u0130\u015eGAL ED\u0130LEN KUD\u00dcS 08 Ekim (SANA) \u2013Filistinli direni\u015finin \u0130srail i\u015fgalinin sald\u0131r\u0131lar\u0131na yan\u0131t olarak ba\u015flatt\u0131\u011f\u0131 Aksa Tufan\u0131 Harekat\u0131&#8217;nda \u00f6ne \u00e7\u0131kan geli\u015fmeler: \u0130srail i\u015fgal u\u00e7a\u011f\u0131n\u0131n Gazze \u015eeridi&#8217;nin kuzeyindeki Beyt Hanun&#8217;da bir evi bombalamas\u0131 sonucu 2 Filistinli \u00f6ld\u00fc, \u00e7ok say\u0131da ki\u015fi de yaraland\u0131. Filistinli medyas\u0131: \u00dc\u00e7 Filistinli direni\u015f sava\u015f\u00e7\u0131s\u0131 A\u015fkelon yak\u0131nlar\u0131nda \u0130srail i\u015fgal kur\u015funlar\u0131 sonucu \u015fehit d\u00fc\u015ft\u00fc. \u0130srail &hellip;<\/p>\n","protected":false},"author":39,"featured_media":289651,"comment_status":"closed","ping_status":"closed","sticky":false,"template":"","format":"standard","meta":{"footnotes":""},"categories":[458,459,17988],"tags":[],"class_list":["post-289650","post","type-post","status-publish","format-standard","has-post-thumbnail","","category-dunya1","category-haberler-arap-uluslararasi-politika","category-son-haberler"],"_links":{"self":[{"href":"https:\/\/archive.sana.sy\/tr\/index.php?rest_route=\/wp\/v2\/posts\/289650","targetHints":{"allow":["GET"]}}],"collection":[{"href":"https:\/\/archive.sana.sy\/tr\/index.php?rest_route=\/wp\/v2\/posts"}],"about":[{"href":"https:\/\/archive.sana.sy\/tr\/index.php?rest_route=\/wp\/v2\/types\/post"}],"author":[{"embeddable":true,"href":"https:\/\/archive.sana.sy\/tr\/index.php?rest_route=\/wp\/v2\/users\/39"}],"replies":[{"embeddable":true,"href":"https:\/\/archive.sana.sy\/tr\/index.php?rest_route=%2Fwp%2Fv2%2Fcomments&post=289650"}],"version-history":[{"count":14,"href":"https:\/\/archive.sana.sy\/tr\/index.php?rest_route=\/wp\/v2\/posts\/289650\/revisions"}],"predecessor-version":[{"id":289740,"href":"https:\/\/archive.sana.sy\/tr\/index.php?rest_route=\/wp\/v2\/posts\/289650\/revisions\/289740"}],"wp:featuredmedia":[{"embeddable":true,"href":"https:\/\/archive.sana.sy\/tr\/index.php?rest_route=\/wp\/v2\/media\/289651"}],"wp:attachment":[{"href":"https:\/\/archive.sana.sy\/tr\/index.php?rest_route=%2Fwp%2Fv2%2Fmedia&parent=289650"}],"wp:term":[{"taxonomy":"category","embeddable":true,"href":"https:\/\/archive.sana.sy\/tr\/index.php?rest_route=%2Fwp%2Fv2%2Fcategories&post=289650"},{"taxonomy":"post_tag","embeddable":true,"href":"https:\/\/archive.sana.sy\/tr\/index.php?rest_route=%2Fwp%2Fv2%2Ftags&post=289650"}],"curies":[{"name":"wp","href":"https:\/\/api.w.org\/{rel}","templated":true}]}}