{"id":289677,"date":"2023-10-08T11:17:11","date_gmt":"2023-10-08T08:17:11","guid":{"rendered":"https:\/\/sana.sy\/tr\/?p=289677"},"modified":"2023-10-08T11:21:52","modified_gmt":"2023-10-08T08:21:52","slug":"filistinli-medyasi-filistin-direnisi-israil-isgalinin-evleri-ve-yerlesim-bolgelerini-hedef-almasina-yanit-olarak-gazzenin-eteklerindeki-sderot-yerlesimini-100-fuzeyle-hedef-aliyor","status":"publish","type":"post","link":"https:\/\/archive.sana.sy\/tr\/?p=289677","title":{"rendered":"Filistinli medyas\u0131: Filistinli direni\u015fi, \u0130srail i\u015fgalinin evleri ve yerle\u015fim b\u00f6lgelerini hedef almas\u0131na yan\u0131t olarak Gazze&#8217;nin eteklerindeki &#8220;Sderot&#8221; yerle\u015fimini 100 f\u00fczeyle hedef al\u0131yor."},"content":{"rendered":"","protected":false},"excerpt":{"rendered":"","protected":false},"author":39,"featured_media":0,"comment_status":"closed","ping_status":"closed","sticky":false,"template":"","format":"standard","meta":{"footnotes":""},"categories":[1],"tags":[],"class_list":["post-289677","post","type-post","status-publish","format-standard","","category-news-not-sorted"],"_links":{"self":[{"href":"https:\/\/archive.sana.sy\/tr\/index.php?rest_route=\/wp\/v2\/posts\/289677","targetHints":{"allow":["GET"]}}],"collection":[{"href":"https:\/\/archive.sana.sy\/tr\/index.php?rest_route=\/wp\/v2\/posts"}],"about":[{"href":"https:\/\/archive.sana.sy\/tr\/index.php?rest_route=\/wp\/v2\/types\/post"}],"author":[{"embeddable":true,"href":"https:\/\/archive.sana.sy\/tr\/index.php?rest_route=\/wp\/v2\/users\/39"}],"replies":[{"embeddable":true,"href":"https:\/\/archive.sana.sy\/tr\/index.php?rest_route=%2Fwp%2Fv2%2Fcomments&post=289677"}],"version-history":[{"count":2,"href":"https:\/\/archive.sana.sy\/tr\/index.php?rest_route=\/wp\/v2\/posts\/289677\/revisions"}],"predecessor-version":[{"id":289679,"href":"https:\/\/archive.sana.sy\/tr\/index.php?rest_route=\/wp\/v2\/posts\/289677\/revisions\/289679"}],"wp:attachment":[{"href":"https:\/\/archive.sana.sy\/tr\/index.php?rest_route=%2Fwp%2Fv2%2Fmedia&parent=289677"}],"wp:term":[{"taxonomy":"category","embeddable":true,"href":"https:\/\/archive.sana.sy\/tr\/index.php?rest_route=%2Fwp%2Fv2%2Fcategories&post=289677"},{"taxonomy":"post_tag","embeddable":true,"href":"https:\/\/archive.sana.sy\/tr\/index.php?rest_route=%2Fwp%2Fv2%2Ftags&post=289677"}],"curies":[{"name":"wp","href":"https:\/\/api.w.org\/{rel}","templated":true}]}}