{"id":289772,"date":"2023-10-09T13:20:18","date_gmt":"2023-10-09T10:20:18","guid":{"rendered":"https:\/\/sana.sy\/tr\/?p=289772"},"modified":"2023-10-10T09:13:22","modified_gmt":"2023-10-10T06:13:22","slug":"ucuncu-gununde-aksa-tufani-harekatinin-one-cikan-gelismeler","status":"publish","type":"post","link":"https:\/\/archive.sana.sy\/tr\/?p=289772","title":{"rendered":"\u00dc\u00e7\u00fcnc\u00fc G\u00fcn\u00fcnde\u2026 \u201cAksa Tufan\u0131\u201d Harekat\u0131\u2019n\u0131n \u00d6ne \u00c7\u0131kan Geli\u015fmeler"},"content":{"rendered":"<p style=\"text-align: justify;\"><strong>\u0130\u015eGAL ED\u0130LEN K\u00dcDUS 09 Ekim (SANA) \u2013<\/strong>Filistinli direni\u015finin \u0130srail i\u015fgalinin sald\u0131r\u0131lar\u0131na yan\u0131t olarak ba\u015flatt\u0131\u011f\u0131 Aksa Tufan\u0131 Harekat\u0131&#8217;nda \u00f6ne \u00e7\u0131kan geli\u015fmeler:<\/p>\n<ul style=\"text-align: justify;\">\n<li>\u00a0Filistinli medyas\u0131: \u0130srail i\u015fgalinin, sivillerin evlerini ve yerle\u015fim alanlar\u0131n\u0131 bombalamas\u0131na yan\u0131t olarak Filistinli direni\u015fi f\u00fczelerle \u201cTel Aviv\u201di hedef ald\u0131.<\/li>\n<li>\u00a0Filistinli medyas\u0131: \u0130srail i\u015fgalinin Gazze \u015eeridi&#8217;nin kuzeyindeki Cebaliya kamp\u0131nda, u\u00e7aklar\u0131n\u0131n bir pazar\u0131, bir camiyi, d\u00fczinelerce evi ve binlerce yerinden edilmi\u015f insan\u0131 bar\u0131nd\u0131ran UNRWA okullar\u0131n\u0131 bombalamas\u0131n\u0131n ard\u0131ndan ger\u00e7ekle\u015ftirdi\u011fi yeni katliamda d\u00fczinelerce \u015fehit ve yaral\u0131 var.<\/li>\n<li>\u00a0Filistin medyas\u0131: \u0130srail i\u015fgal u\u00e7aklar\u0131n\u0131n bombalamas\u0131 sonucu Gazze \u015eeridi&#8217;ndeki bir UNRWA okullar\u0131nda b\u00fcy\u00fck y\u0131k\u0131m.<\/li>\n<li>Filistin Direni\u015fi: El Kassam Tugaylar\u0131, Aksa Tufan\u0131 s\u0131ras\u0131nda d\u00fc\u015fman u\u00e7aklar\u0131na kar\u015f\u0131 kulland\u0131\u011f\u0131 yerli \u00fcretim \u201cMutbber 1\u201d hava savunma sistemini ilk kez hizmete a\u00e7t\u0131\u011f\u0131n\u0131 a\u00e7\u0131klad\u0131.<\/li>\n<li>\u00a0Filistinli medyas\u0131: \u0130srail i\u015fgali, evleri ve altyap\u0131y\u0131 bombalamas\u0131 s\u0131ras\u0131nda Gazze \u015eeridi&#8217;ne y\u00f6nelik sald\u0131r\u0131s\u0131nda uluslararas\u0131 yasakl\u0131 beyaz fosforu kulland\u0131.<\/li>\n<li>Gazze&#8217;deki Filistinli sa\u011fl\u0131k kaynaklar\u0131: \u0130srail i\u015fgalinin Gazze \u015eeridi&#8217;ne y\u00f6nelik \u00fc\u00e7\u00fcnc\u00fc g\u00fcnde de devam eden sald\u0131rganl\u0131\u011f\u0131 sonucunda 450&#8217;den fazla Filistinli \u015fehit d\u00fc\u015ft\u00fc ve 2.400&#8217;den fazla ki\u015fi yaraland\u0131.<\/li>\n<li>\u0130srail d\u00fc\u015fman medyas\u0131, Filistinli direni\u015f operasyonunda &#8220;Aksa Tufan\u0131&#8221; i\u015fgalci askerlerin ve yerle\u015fimcilerin \u00f6l\u00fc say\u0131s\u0131n\u0131n 700&#8217;\u00fc a\u015ft\u0131\u011f\u0131n\u0131, yaral\u0131lar\u0131n say\u0131s\u0131n\u0131n ise 2.382&#8217;ye y\u00fckseldi\u011fini itiraf ediyor.<\/li>\n<li>Sderot yerle\u015fim b\u00f6lgesinde Filistinli direni\u015f sava\u015f\u00e7\u0131lar\u0131yla \u00e7\u0131kan \u00e7at\u0131\u015fmalarda \u00e7ok say\u0131da yerle\u015fimci yaraland\u0131.<\/li>\n<li>Filistinli medyas\u0131: \u0130srail i\u015fgali, Gazze \u015eeridi&#8217;ne y\u00fczlerce bask\u0131n d\u00fczenleyerek Filistin halk\u0131na y\u00f6nelik sald\u0131r\u0131s\u0131n\u0131 art\u0131r\u0131yor ve hedeflerinin \u00e7o\u011funu konut kuleleri ve binalar\u0131, sivil ve hizmet tesisleri ve camiler olu\u015fturuyor. Sald\u0131rgan bask\u0131nlar\u0131, \u00e7o\u011fu kad\u0131n ve \u00e7ocuk olmak \u00fczere \u00f6l\u00fcm ve yaralanmalarla sonu\u00e7land\u0131.<\/li>\n<li>\u00a0Ajanslar: \u0130srail para birimi, dolar kar\u015f\u0131s\u0131nda 8 y\u0131l\u0131n en d\u00fc\u015f\u00fck seviyesine geriledi ve \u0130srail Bankas\u0131, para birimindeki b\u00fcy\u00fck \u00e7\u00f6k\u00fc\u015f\u00fc durdurmak amac\u0131yla milyarlarca dolar sat\u0131yor.<\/li>\n<li>\u0130\u015fgal u\u00e7a\u011f\u0131n\u0131n Gazze \u015eeridi&#8217;nde bir camiyi bombalamas\u0131 sonucu Filistinli bir k\u0131z \u00e7ocu\u011fu \u015fehit d\u00fc\u015ft\u00fc, \u00e7ok say\u0131da ki\u015fi de yaraland\u0131.<\/li>\n<li>Filistin medyas\u0131: Filistinli direni\u015fi, Gazze \u015eeridi ve &#8220;Tel Aviv&#8221; civar\u0131ndaki \u0130srail i\u015fgal yerle\u015fimlerini yo\u011fun f\u00fcze bombard\u0131man\u0131yla hedef al\u0131yor.<\/li>\n<li>Filistinli bir t\u0131bbi kaynak: \u0130srail&#8217;in, Gazze \u015eeridi&#8217;nin g\u00fcneyindeki Refah ve Han Yunus&#8217;taki yerle\u015fim mahallelerini ve evleri hedef alan hava sald\u0131r\u0131lar\u0131 sonucu 20&#8217;den fazla Filistinli \u015fehit d\u00fc\u015ft\u00fc.<\/li>\n<\/ul>\n<p style=\"text-align: justify;\"><a href=\"https:\/\/t.me\/SuriyeArapHaberAjansI\">Telegram Kanal\u0131m\u0131z\u00a0<\/a><\/p>\n<p style=\"text-align: justify;\"><a href=\"https:\/\/www.facebook.com\/SANAHaberAjansi\/\">Facebook Sayfam\u0131z<\/a><\/p>\n<p style=\"text-align: justify;\"><a href=\"https:\/\/twitter.com\/arap_ajans\">Twitter Hesab\u0131m\u0131z<\/a><\/p>\n","protected":false},"excerpt":{"rendered":"<p>\u0130\u015eGAL ED\u0130LEN K\u00dcDUS 09 Ekim (SANA) \u2013Filistinli direni\u015finin \u0130srail i\u015fgalinin sald\u0131r\u0131lar\u0131na yan\u0131t olarak ba\u015flatt\u0131\u011f\u0131 Aksa Tufan\u0131 Harekat\u0131&#8217;nda \u00f6ne \u00e7\u0131kan geli\u015fmeler: \u00a0Filistinli medyas\u0131: \u0130srail i\u015fgalinin, sivillerin evlerini ve yerle\u015fim alanlar\u0131n\u0131 bombalamas\u0131na yan\u0131t olarak Filistinli direni\u015fi f\u00fczelerle \u201cTel Aviv\u201di hedef ald\u0131. \u00a0Filistinli medyas\u0131: \u0130srail i\u015fgalinin Gazze \u015eeridi&#8217;nin kuzeyindeki Cebaliya kamp\u0131nda, u\u00e7aklar\u0131n\u0131n bir pazar\u0131, bir camiyi, d\u00fczinelerce evi &hellip;<\/p>\n","protected":false},"author":39,"featured_media":289773,"comment_status":"closed","ping_status":"closed","sticky":false,"template":"","format":"standard","meta":{"footnotes":""},"categories":[458,459,17988],"tags":[],"class_list":["post-289772","post","type-post","status-publish","format-standard","has-post-thumbnail","","category-dunya1","category-haberler-arap-uluslararasi-politika","category-son-haberler"],"_links":{"self":[{"href":"https:\/\/archive.sana.sy\/tr\/index.php?rest_route=\/wp\/v2\/posts\/289772","targetHints":{"allow":["GET"]}}],"collection":[{"href":"https:\/\/archive.sana.sy\/tr\/index.php?rest_route=\/wp\/v2\/posts"}],"about":[{"href":"https:\/\/archive.sana.sy\/tr\/index.php?rest_route=\/wp\/v2\/types\/post"}],"author":[{"embeddable":true,"href":"https:\/\/archive.sana.sy\/tr\/index.php?rest_route=\/wp\/v2\/users\/39"}],"replies":[{"embeddable":true,"href":"https:\/\/archive.sana.sy\/tr\/index.php?rest_route=%2Fwp%2Fv2%2Fcomments&post=289772"}],"version-history":[{"count":7,"href":"https:\/\/archive.sana.sy\/tr\/index.php?rest_route=\/wp\/v2\/posts\/289772\/revisions"}],"predecessor-version":[{"id":289801,"href":"https:\/\/archive.sana.sy\/tr\/index.php?rest_route=\/wp\/v2\/posts\/289772\/revisions\/289801"}],"wp:featuredmedia":[{"embeddable":true,"href":"https:\/\/archive.sana.sy\/tr\/index.php?rest_route=\/wp\/v2\/media\/289773"}],"wp:attachment":[{"href":"https:\/\/archive.sana.sy\/tr\/index.php?rest_route=%2Fwp%2Fv2%2Fmedia&parent=289772"}],"wp:term":[{"taxonomy":"category","embeddable":true,"href":"https:\/\/archive.sana.sy\/tr\/index.php?rest_route=%2Fwp%2Fv2%2Fcategories&post=289772"},{"taxonomy":"post_tag","embeddable":true,"href":"https:\/\/archive.sana.sy\/tr\/index.php?rest_route=%2Fwp%2Fv2%2Ftags&post=289772"}],"curies":[{"name":"wp","href":"https:\/\/api.w.org\/{rel}","templated":true}]}}