{"id":289786,"date":"2023-10-09T11:19:46","date_gmt":"2023-10-09T08:19:46","guid":{"rendered":"https:\/\/sana.sy\/tr\/?p=289786"},"modified":"2023-10-10T09:13:00","modified_gmt":"2023-10-10T06:13:00","slug":"latin-amerika-halklarinin-bolivarci-ittifak-filistinli-halkiyla-dayanismasini-teyit-etti","status":"publish","type":"post","link":"https:\/\/archive.sana.sy\/tr\/?p=289786","title":{"rendered":"Latin Amerika Halklar\u0131n\u0131n Bolivarc\u0131 \u0130ttifak, Filistinli Halk\u0131yla Dayan\u0131\u015fmas\u0131n\u0131 Teyit Etti"},"content":{"rendered":"<p style=\"text-align: justify;\"><strong>HAVANA 09 Ekim (SANA) \u2013 <\/strong>Latin Amerika Halklar\u0131n\u0131n Bolivarc\u0131 \u0130ttifak \u201cALBA\u201d \u00fclkeleri, \u0130srail i\u015fgalinin sald\u0131r\u0131lar\u0131 ve uluslararas\u0131 hukuk ihlalleri kar\u015f\u0131s\u0131nda Filistin halk\u0131yla dayan\u0131\u015fma i\u00e7inde olduklar\u0131n\u0131 teyit etti.<\/p>\n<p style=\"text-align: justify;\">\u0130ttfak taraf\u0131ndan haz\u0131rlanan ve (X) platformundaki sayfas\u0131nda yay\u0131nlanan a\u00e7\u0131klamada, &#8221;koalisyona \u00fcye devletlerin (Venezuela, Bolivya, K\u00fcba, Nikaragua, Dominik Cumhuriyeti, Grenada, Antigua ve Barbuda, Saint Kitts ve Nevis, Saint Lucia) ve Saint Vincent ve Grenadinler), Gazze \u015eeridi&#8217;nde uluslararas\u0131 bar\u0131\u015f\u0131 tehdit eden, uluslararas\u0131 hukuku ve Birle\u015fmi\u015f Milletler \u015eart\u0131&#8217;n\u0131n ilke ve hedeflerini ihlal eden \u015fiddetin t\u0131rmanmas\u0131ndan derin \u00fcz\u00fcnt\u00fc duydu\u011funu ifade eder&#8221; ifadelere yer verildi.<\/p>\n<p style=\"text-align: justify;\">\u0130ttifak ayr\u0131ca, Filistin halk\u0131yla dayan\u0131\u015fmas\u0131n\u0131 ifade ederek, ba\u015fkenti Kud\u00fcs olan bir Filistin devletinin kurulmas\u0131na ili\u015fkin BM kararlar\u0131na uyulmas\u0131n\u0131 ve Filistin sorununa uluslararas\u0131 hukuk h\u00fck\u00fcmleri temelinde kal\u0131c\u0131 bir \u00e7\u00f6z\u00fcm bulunmas\u0131n\u0131 talep etti.<\/p>\n<article id=\"the-post\" class=\"post-listing post-289778 post type-post status-publish format-standard has-post-thumbnail category-haber-seridi category-haberler-yerel category-son-haberler category-yerel\">\n<div class=\"post-inner\">\n<div class=\"entry\">\n<p><a href=\"https:\/\/t.me\/SuriyeArapHaberAjansI\">Telegram Kanal\u0131m\u0131z\u00a0<\/a><\/p>\n<p><a href=\"https:\/\/www.facebook.com\/SANAHaberAjansi\/\">Facebook Sayfam\u0131z<\/a><\/p>\n<p><a href=\"https:\/\/twitter.com\/arap_ajans\">Twitter Hesab\u0131m\u0131z<\/a><\/p>\n<\/div>\n<div class=\"clear\"><\/div>\n<\/div>\n<\/article>\n<div class=\"post-navigation\">\n<div class=\"post-previous\"><\/div>\n<\/div>\n","protected":false},"excerpt":{"rendered":"<p>HAVANA 09 Ekim (SANA) \u2013 Latin Amerika Halklar\u0131n\u0131n Bolivarc\u0131 \u0130ttifak \u201cALBA\u201d \u00fclkeleri, \u0130srail i\u015fgalinin sald\u0131r\u0131lar\u0131 ve uluslararas\u0131 hukuk ihlalleri kar\u015f\u0131s\u0131nda Filistin halk\u0131yla dayan\u0131\u015fma i\u00e7inde olduklar\u0131n\u0131 teyit etti. \u0130ttfak taraf\u0131ndan haz\u0131rlanan ve (X) platformundaki sayfas\u0131nda yay\u0131nlanan a\u00e7\u0131klamada, &#8221;koalisyona \u00fcye devletlerin (Venezuela, Bolivya, K\u00fcba, Nikaragua, Dominik Cumhuriyeti, Grenada, Antigua ve Barbuda, Saint Kitts ve Nevis, Saint Lucia) &hellip;<\/p>\n","protected":false},"author":39,"featured_media":289787,"comment_status":"closed","ping_status":"closed","sticky":false,"template":"","format":"standard","meta":{"footnotes":""},"categories":[458,459,17988],"tags":[],"class_list":["post-289786","post","type-post","status-publish","format-standard","has-post-thumbnail","","category-dunya1","category-haberler-arap-uluslararasi-politika","category-son-haberler"],"_links":{"self":[{"href":"https:\/\/archive.sana.sy\/tr\/index.php?rest_route=\/wp\/v2\/posts\/289786","targetHints":{"allow":["GET"]}}],"collection":[{"href":"https:\/\/archive.sana.sy\/tr\/index.php?rest_route=\/wp\/v2\/posts"}],"about":[{"href":"https:\/\/archive.sana.sy\/tr\/index.php?rest_route=\/wp\/v2\/types\/post"}],"author":[{"embeddable":true,"href":"https:\/\/archive.sana.sy\/tr\/index.php?rest_route=\/wp\/v2\/users\/39"}],"replies":[{"embeddable":true,"href":"https:\/\/archive.sana.sy\/tr\/index.php?rest_route=%2Fwp%2Fv2%2Fcomments&post=289786"}],"version-history":[{"count":1,"href":"https:\/\/archive.sana.sy\/tr\/index.php?rest_route=\/wp\/v2\/posts\/289786\/revisions"}],"predecessor-version":[{"id":289788,"href":"https:\/\/archive.sana.sy\/tr\/index.php?rest_route=\/wp\/v2\/posts\/289786\/revisions\/289788"}],"wp:featuredmedia":[{"embeddable":true,"href":"https:\/\/archive.sana.sy\/tr\/index.php?rest_route=\/wp\/v2\/media\/289787"}],"wp:attachment":[{"href":"https:\/\/archive.sana.sy\/tr\/index.php?rest_route=%2Fwp%2Fv2%2Fmedia&parent=289786"}],"wp:term":[{"taxonomy":"category","embeddable":true,"href":"https:\/\/archive.sana.sy\/tr\/index.php?rest_route=%2Fwp%2Fv2%2Fcategories&post=289786"},{"taxonomy":"post_tag","embeddable":true,"href":"https:\/\/archive.sana.sy\/tr\/index.php?rest_route=%2Fwp%2Fv2%2Ftags&post=289786"}],"curies":[{"name":"wp","href":"https:\/\/api.w.org\/{rel}","templated":true}]}}