{"id":289791,"date":"2023-10-09T12:07:44","date_gmt":"2023-10-09T09:07:44","guid":{"rendered":"https:\/\/sana.sy\/tr\/?p=289791"},"modified":"2023-10-09T13:43:31","modified_gmt":"2023-10-09T10:43:31","slug":"filistinli-medyasi-israil-isgalinin-gazze-seridinin-kuzeyindeki-jabaliya-kampinda-ucaklarinin-bir-pazari-bir-camiyi-duzinelerce-evi-ve-binlerce-yerinden-edilmis-insani-barindiran-unrwa-okullarin","status":"publish","type":"post","link":"https:\/\/archive.sana.sy\/tr\/?p=289791","title":{"rendered":"Filistinli medyas\u0131: \u0130srail i\u015fgalinin, sivillerin evlerini ve yerle\u015fim alanlar\u0131n\u0131 bombalamas\u0131na yan\u0131t olarak Filistinli direni\u015fi f\u00fczelerle \u201cTel Aviv\u201di hedef ald\u0131."},"content":{"rendered":"","protected":false},"excerpt":{"rendered":"","protected":false},"author":39,"featured_media":0,"comment_status":"closed","ping_status":"closed","sticky":false,"template":"","format":"standard","meta":{"footnotes":""},"categories":[1],"tags":[],"class_list":["post-289791","post","type-post","status-publish","format-standard","","category-news-not-sorted"],"_links":{"self":[{"href":"https:\/\/archive.sana.sy\/tr\/index.php?rest_route=\/wp\/v2\/posts\/289791","targetHints":{"allow":["GET"]}}],"collection":[{"href":"https:\/\/archive.sana.sy\/tr\/index.php?rest_route=\/wp\/v2\/posts"}],"about":[{"href":"https:\/\/archive.sana.sy\/tr\/index.php?rest_route=\/wp\/v2\/types\/post"}],"author":[{"embeddable":true,"href":"https:\/\/archive.sana.sy\/tr\/index.php?rest_route=\/wp\/v2\/users\/39"}],"replies":[{"embeddable":true,"href":"https:\/\/archive.sana.sy\/tr\/index.php?rest_route=%2Fwp%2Fv2%2Fcomments&post=289791"}],"version-history":[{"count":4,"href":"https:\/\/archive.sana.sy\/tr\/index.php?rest_route=\/wp\/v2\/posts\/289791\/revisions"}],"predecessor-version":[{"id":289795,"href":"https:\/\/archive.sana.sy\/tr\/index.php?rest_route=\/wp\/v2\/posts\/289791\/revisions\/289795"}],"wp:attachment":[{"href":"https:\/\/archive.sana.sy\/tr\/index.php?rest_route=%2Fwp%2Fv2%2Fmedia&parent=289791"}],"wp:term":[{"taxonomy":"category","embeddable":true,"href":"https:\/\/archive.sana.sy\/tr\/index.php?rest_route=%2Fwp%2Fv2%2Fcategories&post=289791"},{"taxonomy":"post_tag","embeddable":true,"href":"https:\/\/archive.sana.sy\/tr\/index.php?rest_route=%2Fwp%2Fv2%2Ftags&post=289791"}],"curies":[{"name":"wp","href":"https:\/\/api.w.org\/{rel}","templated":true}]}}