{"id":289798,"date":"2023-10-09T12:34:54","date_gmt":"2023-10-09T09:34:54","guid":{"rendered":"https:\/\/sana.sy\/tr\/?p=289798"},"modified":"2023-10-10T09:13:12","modified_gmt":"2023-10-10T06:13:12","slug":"kuzey-kore-homstaki-harp-okula-duzenlenen-teror-saldirisini-kinadi","status":"publish","type":"post","link":"https:\/\/archive.sana.sy\/tr\/?p=289798","title":{"rendered":"Kuzey Kore, Homs&#8217;taki Harp Okula D\u00fczenlenen Ter\u00f6r Sald\u0131r\u0131s\u0131n\u0131 K\u0131nad\u0131"},"content":{"rendered":"<p style=\"text-align: justify;\"><strong>PYONGYANG 09 Ekim (SANA) \u2013 <\/strong>Kore Demokratik Halk Cumhuriyeti, Homs&#8217;ta harp okulu subay \u00f6\u011frencilerinin mezuniyet t\u00f6renini hedef alan ter\u00f6r sald\u0131r\u0131s\u0131n\u0131 k\u0131nad\u0131.<\/p>\n<p style=\"text-align: justify;\">Kuzey Kore D\u0131\u015fi\u015fleri Bakanl\u0131\u011f\u0131 s\u00f6zc\u00fcs\u00fc, &#8220;Suriye&#8217;deki askeri okula y\u00f6nelik son ter\u00f6r sald\u0131r\u0131s\u0131n\u0131 \u015fiddetle k\u0131n\u0131yor, kurbanlara ve onlar\u0131n ac\u0131l\u0131 ailelerine derin taziyelerimizi ifade ediyoruz&#8221; dedi.<\/p>\n<p style=\"text-align: justify;\">S\u00f6zc\u00fc, Bu eylem, \u00fclkede bir kaos ortam\u0131 yaratmaya \u00e7al\u0131\u015fan ve dolay\u0131s\u0131yla Suriye h\u00fck\u00fcmetinin krizi \u00e7\u00f6zme ve yeniden in\u015fa etme \u00e7abalar\u0131na engel koymay\u0131 ama\u00e7layan Suriye i\u00e7indeki ve d\u0131\u015f\u0131ndaki d\u00fc\u015fman g\u00fc\u00e7lerin k\u00f6t\u00fc niyetleri taraf\u0131ndan motive edildi\u011fini ekledi.<\/p>\n<p style=\"text-align: justify;\">Kore D\u0131\u015fi\u015fleri Bakanl\u0131\u011f\u0131 s\u00f6zc\u00fcs\u00fc, \u00fclkesinin her t\u00fcrl\u00fc ter\u00f6rizme kar\u015f\u0131 kararl\u0131 duru\u015funu, d\u00fc\u015fman g\u00fc\u00e7lerin yaratt\u0131\u011f\u0131 zorluklara ve tehditlere kar\u015f\u0131 cesurca m\u00fccadele eden Suriye h\u00fck\u00fcmeti ve Suriye halk\u0131na destek ve dayan\u0131\u015fma i\u00e7inde oldu\u011funu vurgulad\u0131.<\/p>\n<p><a href=\"https:\/\/t.me\/SuriyeArapHaberAjansI\">Telegram Kanal\u0131m\u0131z\u00a0<\/a><\/p>\n<p><a href=\"https:\/\/www.facebook.com\/SANAHaberAjansi\/\">Facebook Sayfam\u0131z<\/a><\/p>\n<p><a href=\"https:\/\/twitter.com\/arap_ajans\">Twitter Hesab\u0131m\u0131z<\/a><\/p>\n","protected":false},"excerpt":{"rendered":"<p>PYONGYANG 09 Ekim (SANA) \u2013 Kore Demokratik Halk Cumhuriyeti, Homs&#8217;ta harp okulu subay \u00f6\u011frencilerinin mezuniyet t\u00f6renini hedef alan ter\u00f6r sald\u0131r\u0131s\u0131n\u0131 k\u0131nad\u0131. Kuzey Kore D\u0131\u015fi\u015fleri Bakanl\u0131\u011f\u0131 s\u00f6zc\u00fcs\u00fc, &#8220;Suriye&#8217;deki askeri okula y\u00f6nelik son ter\u00f6r sald\u0131r\u0131s\u0131n\u0131 \u015fiddetle k\u0131n\u0131yor, kurbanlara ve onlar\u0131n ac\u0131l\u0131 ailelerine derin taziyelerimizi ifade ediyoruz&#8221; dedi. S\u00f6zc\u00fc, Bu eylem, \u00fclkede bir kaos ortam\u0131 yaratmaya \u00e7al\u0131\u015fan ve &hellip;<\/p>\n","protected":false},"author":39,"featured_media":289799,"comment_status":"closed","ping_status":"closed","sticky":false,"template":"","format":"standard","meta":{"footnotes":""},"categories":[458,459,17988],"tags":[],"class_list":["post-289798","post","type-post","status-publish","format-standard","has-post-thumbnail","","category-dunya1","category-haberler-arap-uluslararasi-politika","category-son-haberler"],"_links":{"self":[{"href":"https:\/\/archive.sana.sy\/tr\/index.php?rest_route=\/wp\/v2\/posts\/289798","targetHints":{"allow":["GET"]}}],"collection":[{"href":"https:\/\/archive.sana.sy\/tr\/index.php?rest_route=\/wp\/v2\/posts"}],"about":[{"href":"https:\/\/archive.sana.sy\/tr\/index.php?rest_route=\/wp\/v2\/types\/post"}],"author":[{"embeddable":true,"href":"https:\/\/archive.sana.sy\/tr\/index.php?rest_route=\/wp\/v2\/users\/39"}],"replies":[{"embeddable":true,"href":"https:\/\/archive.sana.sy\/tr\/index.php?rest_route=%2Fwp%2Fv2%2Fcomments&post=289798"}],"version-history":[{"count":1,"href":"https:\/\/archive.sana.sy\/tr\/index.php?rest_route=\/wp\/v2\/posts\/289798\/revisions"}],"predecessor-version":[{"id":289800,"href":"https:\/\/archive.sana.sy\/tr\/index.php?rest_route=\/wp\/v2\/posts\/289798\/revisions\/289800"}],"wp:featuredmedia":[{"embeddable":true,"href":"https:\/\/archive.sana.sy\/tr\/index.php?rest_route=\/wp\/v2\/media\/289799"}],"wp:attachment":[{"href":"https:\/\/archive.sana.sy\/tr\/index.php?rest_route=%2Fwp%2Fv2%2Fmedia&parent=289798"}],"wp:term":[{"taxonomy":"category","embeddable":true,"href":"https:\/\/archive.sana.sy\/tr\/index.php?rest_route=%2Fwp%2Fv2%2Fcategories&post=289798"},{"taxonomy":"post_tag","embeddable":true,"href":"https:\/\/archive.sana.sy\/tr\/index.php?rest_route=%2Fwp%2Fv2%2Ftags&post=289798"}],"curies":[{"name":"wp","href":"https:\/\/api.w.org\/{rel}","templated":true}]}}