{"id":289880,"date":"2023-10-10T17:00:19","date_gmt":"2023-10-10T14:00:19","guid":{"rendered":"https:\/\/sana.sy\/tr\/?p=289880"},"modified":"2023-10-12T08:21:00","modified_gmt":"2023-10-12T05:21:00","slug":"katil-israilin-gazze-seridine-yonelik-saldirganligini-reddeden-uluslararasi-baskentlerde-ve-sehirlerde-protestolar-ve-gosteriler","status":"publish","type":"post","link":"https:\/\/archive.sana.sy\/tr\/?p=289880","title":{"rendered":"Katil \u0130srail&#8217;in Gazze \u015eeridi&#8217;ne Y\u00f6nelik Sald\u0131rganl\u0131\u011f\u0131n\u0131 Reddeden Uluslararas\u0131 Ba\u015fkentlerde Ve \u015eehirlerde Protestolar Ve G\u00f6steriler"},"content":{"rendered":"<p style=\"text-align: justify;\"><strong>BA\u015eKENTLER 10 EK\u0130M (SANA)<\/strong> &#8211; D\u00fcnyan\u0131n bir\u00e7ok \u015fehri ve ba\u015fkenti, \u0130srail&#8217;in Gazze \u015eeridi&#8217;nde devam eden sald\u0131rganl\u0131\u011f\u0131n\u0131 reddeden g\u00f6steri ve protestolara sahne oldu.<\/p>\n<p style=\"text-align: justify;\">Filistin Wafa Ajans\u0131, \u0130srail&#8217;in sald\u0131rganl\u0131\u011f\u0131n\u0131 k\u0131namak amac\u0131yla Amerika&#8217;n\u0131n New York, Minneapolis, California ve New Jersey eyaletlerinde d\u00fczenlenen g\u00f6steri ve kitlesel mitinglere binlerce Filistinli ve bar\u0131\u015f aktivistinin kat\u0131ld\u0131\u011f\u0131n\u0131 bildirdi.<\/p>\n<p style=\"text-align: justify;\"><img loading=\"lazy\" decoding=\"async\" class=\"size-full wp-image-289881 alignright\" src=\"http:\/\/sana.sy\/tr\/wp-content\/uploads\/2023\/10\/usa-15-300x200-1.jpg\" alt=\"\" width=\"300\" height=\"200\" \/>\u0130\u015fgal ordusunun maruz kald\u0131klar\u0131 sald\u0131r\u0131lar kar\u015f\u0131s\u0131nda Filistin halk\u0131n\u0131n korunmas\u0131 \u00e7a\u011fr\u0131s\u0131nda bulunan g\u00f6stericiler, Filistin&#8217;in \u00f6zg\u00fcrl\u00fc\u011f\u00fc ve Filistin davas\u0131na destek talep eden sloganlar att\u0131.<\/p>\n<p style=\"text-align: justify;\">Harvard \u00dcniversitesi&#8217;ndeki 33 \u00f6\u011frenci \u00f6rg\u00fct\u00fc de \u0130srail&#8217;in Gazze \u015eeridi ve Bat\u0131 \u015eeria&#8217;ya y\u00f6nelik ac\u0131mas\u0131z sald\u0131r\u0131lar\u0131n\u0131 ve \u00e7ocuklar\u0131n, ya\u015fl\u0131lar\u0131n ve kad\u0131nlar\u0131n \u00f6ld\u00fcr\u00fclmesini k\u0131nad\u0131.<\/p>\n<p style=\"text-align: justify;\">\u00d6rg\u00fctler, birbirini takip eden h\u00fck\u00fcmetlerin uzla\u015fmazl\u0131klar\u0131 ve Filistinlileri cezaland\u0131rma ve a\u00e7\u0131k hapishanede ya\u015famaya zorlama konusundaki \u0131srarlar\u0131 sonucunda durumun k\u00f6t\u00fcle\u015fmesinden \u0130srail i\u015fgalini sorumlu tutarak, nlara i\u015fgalin 75 y\u0131ld\u0131r Filistinlilere kar\u015f\u0131 i\u015fledi\u011fi cinayetleri ve \u015fiddeti hat\u0131rlatt\u0131.<\/p>\n<p style=\"text-align: justify;\">\u0130ngiltere&#8217;nin ba\u015fkenti Londra, Gazze \u015eeridi&#8217;nde devam eden sald\u0131rganl\u0131\u011f\u0131n reddedilmesi amac\u0131yla \u0130srail b\u00fcy\u00fckel\u00e7ili\u011fi \u00f6n\u00fcnde protestolara sahne oldu.<\/p>\n<p style=\"text-align: justify;\">Protestolara kat\u0131lanlar, Filistin halk\u0131n\u0131n i\u015fgale son verme ve ba\u011f\u0131ms\u0131z devlet kurma hakk\u0131n\u0131 desteklemek amac\u0131yla Filistin bayraklar\u0131 ve pankartlar a\u00e7t\u0131.<\/p>\n<p style=\"text-align: justify;\">\u00dcst \u00fcste ikinci g\u00fcn, Filistin davas\u0131n\u0131 destekleyen Arap ve Filistin topluluklar\u0131n\u0131n binlerce \u00fcyesi ve \u0130spanyol siyasi partileri, \u0130srail&#8217;in Gazze \u015eeridi&#8217;ne y\u00f6nelik sald\u0131rganl\u0131\u011f\u0131n\u0131 k\u0131namak i\u00e7in \u0130spanya&#8217;n\u0131n ba\u015fkenti Madrid&#8217;de g\u00f6steri yapt\u0131.<\/p>\n<p style=\"text-align: justify;\"><img loading=\"lazy\" decoding=\"async\" class=\"size-full wp-image-289885 alignright\" src=\"http:\/\/sana.sy\/tr\/wp-content\/uploads\/2023\/10\/canada14-300x200-1.jpg\" alt=\"\" width=\"300\" height=\"200\" \/>Kat\u0131l\u0131mc\u0131lar, Madrid&#8217;in merkezindeki merkez meydanda, yerel y\u00f6netim merkezinin \u00f6n\u00fcnde topland\u0131lar, Filistin bayraklar\u0131n\u0131 kald\u0131rd\u0131lar, Filistin i\u00e7in \u00f6zg\u00fcrl\u00fck sloganlar\u0131 att\u0131lar ve &#8220;\u0130srail&#8221;i boykot etme \u00e7a\u011fr\u0131s\u0131nda bulundular.<\/p>\n<p style=\"text-align: justify;\">Dayan\u0131\u015fma i\u00e7inde olanlar, Bat\u0131&#8217;n\u0131n ve Amerika&#8217;n\u0131n \u00e7ifte standart ajan\u0131 olan i\u015fgalin su\u00e7lar\u0131na kar\u015f\u0131 uluslararas\u0131 sessizli\u011fin, \u0130srail sava\u015f makinesinin ger\u00e7ekle\u015ftirdi\u011fi \u00f6l\u00fcm ve y\u0131k\u0131mlar\u0131n g\u00f6z ard\u0131 edilmesini de k\u0131nad\u0131.<\/p>\n<p style=\"text-align: justify;\">\u0130srail i\u015fgalinin su\u00e7lar\u0131n\u0131, Bat\u0131 \u015eeria ve Gazze \u015eeridi \u015fehirlerinde Filistinlilerin \u00f6ld\u00fcr\u00fclmesini ve b\u00f6lge sakinlerinin ba\u015flar\u0131n\u0131n \u00fczerindeki binalar\u0131n y\u0131k\u0131lmas\u0131n\u0131 k\u0131nayan g\u00f6sterilere binlerce ki\u015fi kat\u0131ld\u0131.<\/p>\n<p style=\"text-align: justify;\">Filistin Gen\u00e7lik Hareketi&#8217;nin ve Ontario eyaletindeki \u00e7e\u015fitli Kanada-Filistin kurumlar\u0131n\u0131n daveti \u00fczerine Toronto en b\u00fcy\u00fck g\u00f6sterilere sahne oldu.<\/p>\n<p style=\"text-align: justify;\">Kat\u0131l\u0131mc\u0131lar, adalet, Filistin&#8217;in \u00f6zg\u00fcrl\u00fc\u011f\u00fc, kendi kaderini tayin hakk\u0131, \u0130srail i\u015fgal g\u00fc\u00e7lerinin Filistin topraklar\u0131nda y\u00fcr\u00fctt\u00fc\u011f\u00fc barbar sald\u0131r\u0131lara son verilmesi, kutsall\u0131klar\u0131n ihlali ve Mescid-i Aksa&#8217;ya yap\u0131lan sayg\u0131s\u0131zl\u0131klara son verilmesi \u00e7a\u011fr\u0131s\u0131nda bulunan sloganlar att\u0131.<\/p>\n<p style=\"text-align: justify;\">Bat\u0131daki Alberta eyaletinde, Filistin halk\u0131n\u0131n y\u00fczlerce destek\u00e7isi ve savunucusu ara\u00e7larla y\u00fcr\u00fcd\u00fc, Filistin bayraklar\u0131n\u0131 kald\u0131rd\u0131 ve i\u015fgalin su\u00e7lar\u0131n\u0131 k\u0131nad\u0131.<\/p>\n<div id='gallery-1' class='gallery galleryid-289880 gallery-columns-3 gallery-size-thumbnail'><figure class='gallery-item'>\n\t\t\t<div class='gallery-icon landscape'>\n\t\t\t\t<a href='https:\/\/archive.sana.sy\/tr\/?attachment_id=289882'><img loading=\"lazy\" decoding=\"async\" width=\"150\" height=\"150\" src=\"https:\/\/archive.sana.sy\/tr\/wp-content\/uploads\/2023\/10\/canada13-150x150.jpg\" class=\"attachment-thumbnail size-thumbnail\" alt=\"\" \/><\/a>\n\t\t\t<\/div><\/figure><figure class='gallery-item'>\n\t\t\t<div class='gallery-icon landscape'>\n\t\t\t\t<a href='https:\/\/archive.sana.sy\/tr\/?attachment_id=289883'><img loading=\"lazy\" decoding=\"async\" width=\"150\" height=\"150\" src=\"https:\/\/archive.sana.sy\/tr\/wp-content\/uploads\/2023\/10\/london-11-150x150.jpg\" class=\"attachment-thumbnail size-thumbnail\" alt=\"\" \/><\/a>\n\t\t\t<\/div><\/figure><figure class='gallery-item'>\n\t\t\t<div class='gallery-icon landscape'>\n\t\t\t\t<a href='https:\/\/archive.sana.sy\/tr\/?attachment_id=289884'><img loading=\"lazy\" decoding=\"async\" width=\"150\" height=\"150\" src=\"https:\/\/archive.sana.sy\/tr\/wp-content\/uploads\/2023\/10\/usa-12-150x150.jpg\" class=\"attachment-thumbnail size-thumbnail\" alt=\"\" \/><\/a>\n\t\t\t<\/div><\/figure>\n\t\t<\/div>\n\n<p>&nbsp;<\/p>\n<p><a href=\"https:\/\/t.me\/SuriyeArapHaberAjansI\">Telegram Kanal\u0131m\u0131z\u00a0<\/a><\/p>\n<p><a href=\"https:\/\/www.facebook.com\/SANAHaberAjansi\/\">Facebook Sayfam\u0131z<\/a><\/p>\n<p><a href=\"https:\/\/twitter.com\/arap_ajans\">Twitter Hesab\u0131m\u0131z<\/a><\/p>\n","protected":false},"excerpt":{"rendered":"<p>BA\u015eKENTLER 10 EK\u0130M (SANA) &#8211; D\u00fcnyan\u0131n bir\u00e7ok \u015fehri ve ba\u015fkenti, \u0130srail&#8217;in Gazze \u015eeridi&#8217;nde devam eden sald\u0131rganl\u0131\u011f\u0131n\u0131 reddeden g\u00f6steri ve protestolara sahne oldu. Filistin Wafa Ajans\u0131, \u0130srail&#8217;in sald\u0131rganl\u0131\u011f\u0131n\u0131 k\u0131namak amac\u0131yla Amerika&#8217;n\u0131n New York, Minneapolis, California ve New Jersey eyaletlerinde d\u00fczenlenen g\u00f6steri ve kitlesel mitinglere binlerce Filistinli ve bar\u0131\u015f aktivistinin kat\u0131ld\u0131\u011f\u0131n\u0131 bildirdi. \u0130\u015fgal ordusunun maruz kald\u0131klar\u0131 sald\u0131r\u0131lar &hellip;<\/p>\n","protected":false},"author":41,"featured_media":289886,"comment_status":"closed","ping_status":"closed","sticky":false,"template":"","format":"standard","meta":{"footnotes":""},"categories":[458,459,17988],"tags":[40077],"class_list":["post-289880","post","type-post","status-publish","format-standard","has-post-thumbnail","","category-dunya1","category-haberler-arap-uluslararasi-politika","category-son-haberler","tag-katil-israilin-gazze-seridine-yonelik-saldirganligini-reddeden-uluslararasi-baskentlerde-ve-sehirlerde-protestolar-ve-gosteriler"],"_links":{"self":[{"href":"https:\/\/archive.sana.sy\/tr\/index.php?rest_route=\/wp\/v2\/posts\/289880","targetHints":{"allow":["GET"]}}],"collection":[{"href":"https:\/\/archive.sana.sy\/tr\/index.php?rest_route=\/wp\/v2\/posts"}],"about":[{"href":"https:\/\/archive.sana.sy\/tr\/index.php?rest_route=\/wp\/v2\/types\/post"}],"author":[{"embeddable":true,"href":"https:\/\/archive.sana.sy\/tr\/index.php?rest_route=\/wp\/v2\/users\/41"}],"replies":[{"embeddable":true,"href":"https:\/\/archive.sana.sy\/tr\/index.php?rest_route=%2Fwp%2Fv2%2Fcomments&post=289880"}],"version-history":[{"count":1,"href":"https:\/\/archive.sana.sy\/tr\/index.php?rest_route=\/wp\/v2\/posts\/289880\/revisions"}],"predecessor-version":[{"id":289887,"href":"https:\/\/archive.sana.sy\/tr\/index.php?rest_route=\/wp\/v2\/posts\/289880\/revisions\/289887"}],"wp:featuredmedia":[{"embeddable":true,"href":"https:\/\/archive.sana.sy\/tr\/index.php?rest_route=\/wp\/v2\/media\/289886"}],"wp:attachment":[{"href":"https:\/\/archive.sana.sy\/tr\/index.php?rest_route=%2Fwp%2Fv2%2Fmedia&parent=289880"}],"wp:term":[{"taxonomy":"category","embeddable":true,"href":"https:\/\/archive.sana.sy\/tr\/index.php?rest_route=%2Fwp%2Fv2%2Fcategories&post=289880"},{"taxonomy":"post_tag","embeddable":true,"href":"https:\/\/archive.sana.sy\/tr\/index.php?rest_route=%2Fwp%2Fv2%2Ftags&post=289880"}],"curies":[{"name":"wp","href":"https:\/\/api.w.org\/{rel}","templated":true}]}}