{"id":289893,"date":"2023-10-11T08:56:09","date_gmt":"2023-10-11T05:56:09","guid":{"rendered":"https:\/\/sana.sy\/tr\/?p=289893"},"modified":"2023-10-12T09:38:43","modified_gmt":"2023-10-12T06:38:43","slug":"aksa-tufaninin-besinci-gununde-one-cikan-gelismeler","status":"publish","type":"post","link":"https:\/\/archive.sana.sy\/tr\/?p=289893","title":{"rendered":"Aksa Tufan\u0131&#8217;n\u0131n Be\u015finci G\u00fcn\u00fcnde \u00d6ne \u00c7\u0131kan Geli\u015fmeler"},"content":{"rendered":"<p style=\"text-align: justify;\"><strong>\u0130\u015eGAL ED\u0130LEN KUD\u00dcS 11 Ekim (SANA)<\/strong> \u2013 Filistinli direni\u015finin \u0130srail i\u015fgalinin sald\u0131r\u0131lar\u0131na yan\u0131t olarak ba\u015flatt\u0131\u011f\u0131 Mescid-i Aksa Tufan\u0131 Harekat\u0131&#8217;nda \u00f6ne \u00e7\u0131kan geli\u015fmeler:<\/p>\n<ul>\n<li>Filistin Sa\u011fl\u0131k Bakanl\u0131\u011f\u0131: \u0130srail&#8217;in Gazze \u015eeridi&#8217;nde be\u015finci g\u00fcn\u00fcnde de devam eden i\u015fgal sald\u0131r\u0131s\u0131 sonucunda 1.055 \u015fehit ve 5.184 yaral\u0131.<\/li>\n<li>Filistin medyas\u0131: \u0130srail i\u015fgal u\u00e7aklar\u0131 Gazze liman\u0131n\u0131 ve Gazze&#8217;nin bat\u0131s\u0131ndaki Roots Oteli \u00e7evresini beyaz fosforla hedef ald\u0131.<\/li>\n<li>Filistin medyas\u0131: \u0130srail i\u015fgal u\u00e7aklar\u0131n\u0131n Gazze \u015eeridi&#8217;nin merkezindeki Deir al-Balah&#8217;taki Filistinlilerin evlerine d\u00fczenledi\u011fi bask\u0131nda \u00fc\u00e7 Filistinli \u015fehit d\u00fc\u015ft\u00fc, di\u011ferleri de yaraland\u0131.<\/li>\n<li>\u00a0Filistin D\u0131\u015fi\u015fleri Bakanl\u0131\u011f\u0131: \u0130srail i\u015fgali Gazze&#8217;deki Filistinlilere kar\u015f\u0131 soyk\u0131r\u0131m uyguluyor ve a\u00e7l\u0131k kampanyas\u0131 \u0131\u015f\u0131\u011f\u0131nda uluslararas\u0131 alanda yasaklanm\u0131\u015f silahlar kullan\u0131yor.<\/li>\n<li>\u0130\u015fgal, Gazze \u015eeridi&#8217;nde katliamlar\u0131na be\u015finci g\u00fcn\u00fcnde de devam ediyor&#8230; (950) \u015fehit, (5) binden fazla yaral\u0131<\/li>\n<li>Birle\u015fmi\u015f Milletler: Gazze \u015eeridi&#8217;ndeki sald\u0131r\u0131 sonucu 260 binden fazla insan yerinden oldu<\/li>\n<li>Filistin direni\u015fi: Direni\u015f \u00e7ocuklar\u0131 hedef alm\u0131yor ve Bat\u0131 medyas\u0131 do\u011fru olmal\u0131 ve k\u00f6r\u00fc k\u00f6r\u00fcne yalanlarla dolu Siyonist anlat\u0131n\u0131n yan\u0131nda yer almamal\u0131d\u0131r.<\/li>\n<li>Filistin direni\u015fi: \u00c7ocuklar\u0131n do\u011frulanmadan hedef al\u0131nd\u0131\u011f\u0131 y\u00f6n\u00fcndeki Siyonist s\u00f6ylemin benimsenmesini, i\u015fgalin su\u00e7lar\u0131n\u0131 \u00f6rtbas etme ve ger\u00e7ekleri yans\u0131tma \u00e7abas\u0131ndaki medyan\u0131n ba\u015far\u0131s\u0131zl\u0131\u011f\u0131ndan ba\u015fka bir \u015fey olarak g\u00f6rm\u00fcyoruz.<\/li>\n<li>Filistin Direni\u015fi: Direni\u015f, Aksa Tufan\u0131&#8217;nda sivilleri hedef alm\u0131yor,\u00a0 yaln\u0131zca Siyonist askeri sistemi hedef almaktad\u0131r.<\/li>\n<li>\u0130srail d\u00fc\u015fman medyas\u0131, Filistinli direni\u015f operasyonu \u201cEl Aksa Tufan\u0131\u201dn\u0131n ba\u015flamas\u0131ndan bu yana \u0130srailli \u00f6l\u00fcmlerin say\u0131s\u0131n\u0131n 1.200&#8217;\u00fcn \u00fczerine \u00e7\u0131kt\u0131\u011f\u0131n\u0131 duyurdu.<\/li>\n<li>\u0130srail d\u00fc\u015fman medyas\u0131, Filistin direni\u015f operasyonu sonucunda 20 yerle\u015fim yerinin y\u0131k\u0131ld\u0131\u011f\u0131n\u0131, b\u00fcy\u00fck bir k\u0131sm\u0131n\u0131n yak\u0131ld\u0131\u011f\u0131n\u0131, bir\u00e7ok yerle\u015fim yerindeki tar\u0131m arazilerinin zarar g\u00f6rd\u00fc\u011f\u00fcn\u00fc itiraf ettiler.<\/li>\n<li>Filistinli medyas\u0131: \u0130srail i\u015fgal u\u00e7aklar\u0131n\u0131n Gazze \u015eeridi&#8217;nin kuzeyindeki Kerama b\u00f6lgesinde bir ambulans\u0131 hedef almas\u0131 sonucu iki Filistinli \u015fehit d\u00fc\u015ft\u00fc, iki sa\u011fl\u0131k g\u00f6revlisi de yaraland\u0131.<\/li>\n<li>Filistin Sa\u011fl\u0131k Bakanl\u0131\u011f\u0131: \u0130srail i\u015fgalinin bilin\u00e7li olarak sa\u011fl\u0131k personelini, sa\u011fl\u0131k kurulu\u015flar\u0131n\u0131 ve ambulanslar\u0131 hedef alarak kapasitelerini zay\u0131flatt\u0131\u011f\u0131 ve uluslararas\u0131 kurulu\u015flara bu ekipleri ve kurumlar\u0131 korumak i\u00e7in etkili ad\u0131mlar atmalar\u0131 \u00e7a\u011fr\u0131s\u0131nda bulunuyor.<\/li>\n<li>Filistinli medyas\u0131: \u0130srail i\u015fgalinin Gazze \u015eeridi&#8217;nin g\u00fcneyindeki Han Yunus\u2019un Kizan El Necar k\u00f6y\u00fcne d\u00fczenledi\u011fi hava sald\u0131r\u0131s\u0131nda 4 Filistinli \u015fehit d\u00fc\u015ft\u00fc.<\/li>\n<li>Filistinli medyas\u0131: \u0130srail i\u015fgal u\u00e7a\u011f\u0131n\u0131n Gazze \u015eeridi&#8217;nin merkezindeki Nuseyrat kamp\u0131n\u0131 bombalamas\u0131 sonucu \u00fc\u00e7 Filistinli \u015fehit d\u00fc\u015ft\u00fc.<\/li>\n<\/ul>\n<p style=\"text-align: justify;\"><a href=\"https:\/\/t.me\/SuriyeArapHaberAjansI\">Telegram Kanal\u0131m\u0131z\u00a0<\/a><\/p>\n<p style=\"text-align: justify;\"><a href=\"https:\/\/www.facebook.com\/SANAHaberAjansi\/\">Facebook Sayfam\u0131z<\/a><\/p>\n<p style=\"text-align: justify;\"><a href=\"https:\/\/twitter.com\/arap_ajans\">Twitter Hesab\u0131m\u0131z<\/a><\/p>\n","protected":false},"excerpt":{"rendered":"<p>\u0130\u015eGAL ED\u0130LEN KUD\u00dcS 11 Ekim (SANA) \u2013 Filistinli direni\u015finin \u0130srail i\u015fgalinin sald\u0131r\u0131lar\u0131na yan\u0131t olarak ba\u015flatt\u0131\u011f\u0131 Mescid-i Aksa Tufan\u0131 Harekat\u0131&#8217;nda \u00f6ne \u00e7\u0131kan geli\u015fmeler: Filistin Sa\u011fl\u0131k Bakanl\u0131\u011f\u0131: \u0130srail&#8217;in Gazze \u015eeridi&#8217;nde be\u015finci g\u00fcn\u00fcnde de devam eden i\u015fgal sald\u0131r\u0131s\u0131 sonucunda 1.055 \u015fehit ve 5.184 yaral\u0131. Filistin medyas\u0131: \u0130srail i\u015fgal u\u00e7aklar\u0131 Gazze liman\u0131n\u0131 ve Gazze&#8217;nin bat\u0131s\u0131ndaki Roots Oteli \u00e7evresini beyaz &hellip;<\/p>\n","protected":false},"author":39,"featured_media":289894,"comment_status":"closed","ping_status":"closed","sticky":false,"template":"","format":"standard","meta":{"footnotes":""},"categories":[458,459,17988],"tags":[],"class_list":["post-289893","post","type-post","status-publish","format-standard","has-post-thumbnail","","category-dunya1","category-haberler-arap-uluslararasi-politika","category-son-haberler"],"_links":{"self":[{"href":"https:\/\/archive.sana.sy\/tr\/index.php?rest_route=\/wp\/v2\/posts\/289893","targetHints":{"allow":["GET"]}}],"collection":[{"href":"https:\/\/archive.sana.sy\/tr\/index.php?rest_route=\/wp\/v2\/posts"}],"about":[{"href":"https:\/\/archive.sana.sy\/tr\/index.php?rest_route=\/wp\/v2\/types\/post"}],"author":[{"embeddable":true,"href":"https:\/\/archive.sana.sy\/tr\/index.php?rest_route=\/wp\/v2\/users\/39"}],"replies":[{"embeddable":true,"href":"https:\/\/archive.sana.sy\/tr\/index.php?rest_route=%2Fwp%2Fv2%2Fcomments&post=289893"}],"version-history":[{"count":10,"href":"https:\/\/archive.sana.sy\/tr\/index.php?rest_route=\/wp\/v2\/posts\/289893\/revisions"}],"predecessor-version":[{"id":289942,"href":"https:\/\/archive.sana.sy\/tr\/index.php?rest_route=\/wp\/v2\/posts\/289893\/revisions\/289942"}],"wp:featuredmedia":[{"embeddable":true,"href":"https:\/\/archive.sana.sy\/tr\/index.php?rest_route=\/wp\/v2\/media\/289894"}],"wp:attachment":[{"href":"https:\/\/archive.sana.sy\/tr\/index.php?rest_route=%2Fwp%2Fv2%2Fmedia&parent=289893"}],"wp:term":[{"taxonomy":"category","embeddable":true,"href":"https:\/\/archive.sana.sy\/tr\/index.php?rest_route=%2Fwp%2Fv2%2Fcategories&post=289893"},{"taxonomy":"post_tag","embeddable":true,"href":"https:\/\/archive.sana.sy\/tr\/index.php?rest_route=%2Fwp%2Fv2%2Ftags&post=289893"}],"curies":[{"name":"wp","href":"https:\/\/api.w.org\/{rel}","templated":true}]}}