{"id":289900,"date":"2023-10-11T10:28:10","date_gmt":"2023-10-11T07:28:10","guid":{"rendered":"https:\/\/sana.sy\/tr\/?p=289900"},"modified":"2023-10-12T08:21:09","modified_gmt":"2023-10-12T05:21:09","slug":"bati-seriada-isgalin-gazze-seridine-yonelik-saldirganligini-kinayan-gosteriler","status":"publish","type":"post","link":"https:\/\/archive.sana.sy\/tr\/?p=289900","title":{"rendered":"Bat\u0131 \u015eeria&#8217;da \u0130\u015fgalin Gazze \u015eeridi&#8217;ne Y\u00f6nelik Sald\u0131rganl\u0131\u011f\u0131n\u0131 K\u0131nayan G\u00f6steriler"},"content":{"rendered":"<p style=\"text-align: justify;\"><strong>\u0130\u015eGAL ED\u0130LEN KUD\u00dcS 11 Ekim (SANA)<\/strong> \u2013 Bat\u0131 \u015eeria&#8217;daki Ramallah, Cenin, Kalkilya, Tulkarm, El Halil, Tubas, Nablus, Eriha, Kalandiya ve \u015eufat \u015fehirleri , bug\u00fcn \u015fafak vakti \u0130srail&#8217;in Gazze \u015eeridi&#8217;ne y\u00f6nelik devam eden i\u015fgal sald\u0131r\u0131s\u0131n\u0131 art arda be\u015finci g\u00fcn k\u0131nayan kitlesel g\u00f6sterilere tan\u0131k oldu.<\/p>\n<p style=\"text-align: justify;\">Wafa Haber Ajans\u0131, g\u00f6sterilere kat\u0131lanlar\u0131n Gazze&#8217;deki i\u015fgal su\u00e7lar\u0131n\u0131 k\u0131nayan Filistin bayraklar\u0131 ve pankartlar ta\u015f\u0131d\u0131klar\u0131n\u0131 ve \u0130srail&#8217;in ku\u015fatma alt\u0131ndaki \u015eeridi&#8217;ndeki katliam ve y\u0131k\u0131m kurbanlar\u0131n\u0131n resimlerini ta\u015f\u0131d\u0131klar\u0131n\u0131 belirtti.<\/p>\n<p style=\"text-align: justify;\">Ajans ayr\u0131ca, g\u00f6stericilerin uluslararas\u0131 topluma sorumluluklar\u0131n\u0131 yerine getirmesi ve i\u015fgal su\u00e7lar\u0131n\u0131 durdurmak ve sorumlular\u0131 hesap vermek i\u00e7in acil eyleme ge\u00e7mesi \u00e7a\u011fr\u0131s\u0131nda bulundu\u011funu da s\u00f6zlerine ekledi.<\/p>\n<p><a href=\"https:\/\/t.me\/SuriyeArapHaberAjansI\">Telegram Kanal\u0131m\u0131z\u00a0<\/a><\/p>\n<p><a href=\"https:\/\/www.facebook.com\/SANAHaberAjansi\/\">Facebook Sayfam\u0131z<\/a><\/p>\n<p><a href=\"https:\/\/twitter.com\/arap_ajans\">Twitter Hesab\u0131m\u0131z<\/a><\/p>\n","protected":false},"excerpt":{"rendered":"<p>\u0130\u015eGAL ED\u0130LEN KUD\u00dcS 11 Ekim (SANA) \u2013 Bat\u0131 \u015eeria&#8217;daki Ramallah, Cenin, Kalkilya, Tulkarm, El Halil, Tubas, Nablus, Eriha, Kalandiya ve \u015eufat \u015fehirleri , bug\u00fcn \u015fafak vakti \u0130srail&#8217;in Gazze \u015eeridi&#8217;ne y\u00f6nelik devam eden i\u015fgal sald\u0131r\u0131s\u0131n\u0131 art arda be\u015finci g\u00fcn k\u0131nayan kitlesel g\u00f6sterilere tan\u0131k oldu. Wafa Haber Ajans\u0131, g\u00f6sterilere kat\u0131lanlar\u0131n Gazze&#8217;deki i\u015fgal su\u00e7lar\u0131n\u0131 k\u0131nayan Filistin bayraklar\u0131 ve &hellip;<\/p>\n","protected":false},"author":39,"featured_media":289901,"comment_status":"closed","ping_status":"closed","sticky":false,"template":"","format":"standard","meta":{"footnotes":""},"categories":[458,459,17988],"tags":[],"class_list":["post-289900","post","type-post","status-publish","format-standard","has-post-thumbnail","","category-dunya1","category-haberler-arap-uluslararasi-politika","category-son-haberler"],"_links":{"self":[{"href":"https:\/\/archive.sana.sy\/tr\/index.php?rest_route=\/wp\/v2\/posts\/289900","targetHints":{"allow":["GET"]}}],"collection":[{"href":"https:\/\/archive.sana.sy\/tr\/index.php?rest_route=\/wp\/v2\/posts"}],"about":[{"href":"https:\/\/archive.sana.sy\/tr\/index.php?rest_route=\/wp\/v2\/types\/post"}],"author":[{"embeddable":true,"href":"https:\/\/archive.sana.sy\/tr\/index.php?rest_route=\/wp\/v2\/users\/39"}],"replies":[{"embeddable":true,"href":"https:\/\/archive.sana.sy\/tr\/index.php?rest_route=%2Fwp%2Fv2%2Fcomments&post=289900"}],"version-history":[{"count":1,"href":"https:\/\/archive.sana.sy\/tr\/index.php?rest_route=\/wp\/v2\/posts\/289900\/revisions"}],"predecessor-version":[{"id":289902,"href":"https:\/\/archive.sana.sy\/tr\/index.php?rest_route=\/wp\/v2\/posts\/289900\/revisions\/289902"}],"wp:featuredmedia":[{"embeddable":true,"href":"https:\/\/archive.sana.sy\/tr\/index.php?rest_route=\/wp\/v2\/media\/289901"}],"wp:attachment":[{"href":"https:\/\/archive.sana.sy\/tr\/index.php?rest_route=%2Fwp%2Fv2%2Fmedia&parent=289900"}],"wp:term":[{"taxonomy":"category","embeddable":true,"href":"https:\/\/archive.sana.sy\/tr\/index.php?rest_route=%2Fwp%2Fv2%2Fcategories&post=289900"},{"taxonomy":"post_tag","embeddable":true,"href":"https:\/\/archive.sana.sy\/tr\/index.php?rest_route=%2Fwp%2Fv2%2Ftags&post=289900"}],"curies":[{"name":"wp","href":"https:\/\/api.w.org\/{rel}","templated":true}]}}