{"id":289903,"date":"2023-10-11T10:48:06","date_gmt":"2023-10-11T07:48:06","guid":{"rendered":"https:\/\/sana.sy\/tr\/?p=289903"},"modified":"2023-10-12T08:21:12","modified_gmt":"2023-10-12T05:21:12","slug":"iran-israilin-suclarina-karsi-islam-ulkelerine-ciddi-bir-tepki-cagrisinda-bulundu","status":"publish","type":"post","link":"https:\/\/archive.sana.sy\/tr\/?p=289903","title":{"rendered":"\u0130ran, \u0130srail&#8217;in Su\u00e7lar\u0131na Kar\u015f\u0131 \u0130slam \u00dclkelerine Ciddi Bir Tepki \u00c7a\u011fr\u0131s\u0131nda Bulundu"},"content":{"rendered":"<p style=\"text-align: justify;\"><strong>TAHRAN 11 Ekim (SANA) \u2013<\/strong> \u0130ran D\u0131\u015fi\u015fleri Bakan\u0131 H\u00fcseyin Emir Abdullahiyan, \u0130srail varl\u0131\u011f\u0131n\u0131n su\u00e7lar\u0131 kar\u015f\u0131s\u0131nda Filistin halk\u0131n\u0131 desteklemek i\u00e7in \u0130slam \u00fclkelerinin ciddi bir tepki vermesini koordine etmek i\u00e7in \u00e7al\u0131\u015fma \u00e7a\u011fr\u0131s\u0131nda bulundu.<\/p>\n<p style=\"text-align: justify;\">\u0130ran Haber Ajans\u0131 (IRNA) ise, Abdullahiyan&#8217;\u0131n Kuveytli mevkida\u015f\u0131 Salim Abdullah El Cabir El Sabah ile yapt\u0131\u011f\u0131 telefon g\u00f6r\u00fc\u015fmesinde, &#8220;\u0130slam \u00fclkeleri h\u00fck\u00fcmetleri, Gazze \u015eeridi&#8217;ndeki ablukay\u0131 k\u0131rmak ve devam eden sava\u015f su\u00e7lar\u0131n\u0131 ciddi ve koordineli tepkilerle sona erdirmek i\u00e7in h\u0131zl\u0131 bir \u015fekilde \u00e7al\u0131\u015fmal\u0131d\u0131r&#8221; diyerek, \u0130slam \u00fclkelerinin Filistin halk\u0131yla dayan\u0131\u015fma i\u00e7inde olmas\u0131 ve Gazze \u015eeridi&#8217;ne m\u00fcmk\u00fcn olan en k\u0131sa s\u00fcrede g\u0131da yard\u0131m\u0131 g\u00f6ndermesi gerekti\u011fini vurgulad\u0131\u011f\u0131n\u0131 aktard\u0131.<\/p>\n<p style=\"text-align: justify;\">Abdullahiyan, i\u015fgal alt\u0131ndaki Filistin topraklar\u0131ndaki durumu g\u00f6r\u00fc\u015fmek \u00fczere \u0130slam \u0130\u015fbirli\u011fi Te\u015fkilat\u0131 d\u0131\u015fi\u015fleri bakanlar\u0131 toplant\u0131s\u0131n\u0131n bir an \u00f6nce yap\u0131lmas\u0131 gerekti\u011fine dikkat \u00e7ekerek, \u0130ran&#8217;\u0131n bu toplant\u0131ya ev sahipli\u011fi yapmaya haz\u0131r oldu\u011funu ilan ett.<\/p>\n<p><a href=\"https:\/\/t.me\/SuriyeArapHaberAjansI\">Telegram Kanal\u0131m\u0131z\u00a0<\/a><\/p>\n<p><a href=\"https:\/\/www.facebook.com\/SANAHaberAjansi\/\">Facebook Sayfam\u0131z<\/a><\/p>\n<p><a href=\"https:\/\/twitter.com\/arap_ajans\">Twitter Hesab\u0131m\u0131z<\/a><\/p>\n","protected":false},"excerpt":{"rendered":"<p>TAHRAN 11 Ekim (SANA) \u2013 \u0130ran D\u0131\u015fi\u015fleri Bakan\u0131 H\u00fcseyin Emir Abdullahiyan, \u0130srail varl\u0131\u011f\u0131n\u0131n su\u00e7lar\u0131 kar\u015f\u0131s\u0131nda Filistin halk\u0131n\u0131 desteklemek i\u00e7in \u0130slam \u00fclkelerinin ciddi bir tepki vermesini koordine etmek i\u00e7in \u00e7al\u0131\u015fma \u00e7a\u011fr\u0131s\u0131nda bulundu. \u0130ran Haber Ajans\u0131 (IRNA) ise, Abdullahiyan&#8217;\u0131n Kuveytli mevkida\u015f\u0131 Salim Abdullah El Cabir El Sabah ile yapt\u0131\u011f\u0131 telefon g\u00f6r\u00fc\u015fmesinde, &#8220;\u0130slam \u00fclkeleri h\u00fck\u00fcmetleri, Gazze \u015eeridi&#8217;ndeki ablukay\u0131 &hellip;<\/p>\n","protected":false},"author":39,"featured_media":289904,"comment_status":"closed","ping_status":"closed","sticky":false,"template":"","format":"standard","meta":{"footnotes":""},"categories":[458,459,17988],"tags":[],"class_list":["post-289903","post","type-post","status-publish","format-standard","has-post-thumbnail","","category-dunya1","category-haberler-arap-uluslararasi-politika","category-son-haberler"],"_links":{"self":[{"href":"https:\/\/archive.sana.sy\/tr\/index.php?rest_route=\/wp\/v2\/posts\/289903","targetHints":{"allow":["GET"]}}],"collection":[{"href":"https:\/\/archive.sana.sy\/tr\/index.php?rest_route=\/wp\/v2\/posts"}],"about":[{"href":"https:\/\/archive.sana.sy\/tr\/index.php?rest_route=\/wp\/v2\/types\/post"}],"author":[{"embeddable":true,"href":"https:\/\/archive.sana.sy\/tr\/index.php?rest_route=\/wp\/v2\/users\/39"}],"replies":[{"embeddable":true,"href":"https:\/\/archive.sana.sy\/tr\/index.php?rest_route=%2Fwp%2Fv2%2Fcomments&post=289903"}],"version-history":[{"count":2,"href":"https:\/\/archive.sana.sy\/tr\/index.php?rest_route=\/wp\/v2\/posts\/289903\/revisions"}],"predecessor-version":[{"id":289906,"href":"https:\/\/archive.sana.sy\/tr\/index.php?rest_route=\/wp\/v2\/posts\/289903\/revisions\/289906"}],"wp:featuredmedia":[{"embeddable":true,"href":"https:\/\/archive.sana.sy\/tr\/index.php?rest_route=\/wp\/v2\/media\/289904"}],"wp:attachment":[{"href":"https:\/\/archive.sana.sy\/tr\/index.php?rest_route=%2Fwp%2Fv2%2Fmedia&parent=289903"}],"wp:term":[{"taxonomy":"category","embeddable":true,"href":"https:\/\/archive.sana.sy\/tr\/index.php?rest_route=%2Fwp%2Fv2%2Fcategories&post=289903"},{"taxonomy":"post_tag","embeddable":true,"href":"https:\/\/archive.sana.sy\/tr\/index.php?rest_route=%2Fwp%2Fv2%2Ftags&post=289903"}],"curies":[{"name":"wp","href":"https:\/\/api.w.org\/{rel}","templated":true}]}}