{"id":289999,"date":"2023-10-12T17:00:46","date_gmt":"2023-10-12T14:00:46","guid":{"rendered":"https:\/\/sana.sy\/tr\/?p=289999"},"modified":"2023-10-15T08:24:59","modified_gmt":"2023-10-15T05:24:59","slug":"cumhurbaskani-esad-ve-iran-cumhurbaskani-isgal-altindaki-filistin-topraklarindaki-durumla-ilgili-gelismeleri-telefonda-gorustu","status":"publish","type":"post","link":"https:\/\/archive.sana.sy\/tr\/?p=289999","title":{"rendered":"Cumhurba\u015fkan\u0131 Esad Ve \u0130ran Cumhurba\u015fkan\u0131, \u0130\u015fgal Alt\u0131ndaki Filistin Topraklar\u0131ndaki Durumla \u0130lgili Geli\u015fmeleri Telefonda G\u00f6r\u00fc\u015ft\u00fc"},"content":{"rendered":"<p style=\"text-align: justify;\"><strong>\u015eAM 12 Ekim (SANA)<\/strong>Cumhurba\u015fkan\u0131 Be\u015f\u015far Esad ve \u0130ran Cumhurba\u015fkan\u0131 \u0130brahim Raisi d\u00fcn ak\u015fam telefonda i\u015fgal alt\u0131ndaki Filistin topraklar\u0131ndaki durumla ilgili geli\u015fmeleri g\u00f6r\u00fc\u015ft\u00fc.<\/p>\n<p style=\"text-align: justify;\">\u0130ki cumhurba\u015fkan\u0131, maruz kald\u0131klar\u0131 su\u00e7larla y\u00fczle\u015fmede Filistin halk\u0131n\u0131n yan\u0131nda yer alacaklar\u0131n\u0131, hakl\u0131 davalar\u0131n\u0131 savunma ve gasp edilen haklar\u0131n\u0131 geri kazanma konusundaki me\u015fru direni\u015flerini yineledi.<\/p>\n<p style=\"text-align: justify;\">Cumhurba\u015fkan\u0131 Esad, kan d\u00f6k\u00fclmesine Siyonist politikalar\u0131n neden oldu\u011funu belirtirken, \u00f6zellikle Gazze \u015eeridi&#8217;ndeki Filistin halk\u0131n\u0131 korumak ve \u0130srail&#8217;in \u00e7ocuklar\u0131 ve kad\u0131nlar\u0131 hedef alan sald\u0131r\u0131lar\u0131n\u0131 durdurmak i\u00e7in Arap ve \u0130slami d\u00fczeyde h\u0131zl\u0131 eyleme ge\u00e7ilmesi gerekti\u011finin alt\u0131n\u0131 \u00e7izdi.<\/p>\n<p style=\"text-align: justify;\"><a href=\"https:\/\/t.me\/SuriyeArapHaberAjansI\">Telegram Kanal\u0131m\u0131z\u00a0<\/a><\/p>\n<p style=\"text-align: justify;\"><a href=\"https:\/\/www.facebook.com\/SANAHaberAjansi\/\">Facebook Sayfam\u0131z<\/a><\/p>\n<p style=\"text-align: justify;\"><a href=\"https:\/\/twitter.com\/arap_ajans\">Twitter Hesab\u0131m\u0131z<\/a><\/p>\n","protected":false},"excerpt":{"rendered":"<p>\u015eAM 12 Ekim (SANA)Cumhurba\u015fkan\u0131 Be\u015f\u015far Esad ve \u0130ran Cumhurba\u015fkan\u0131 \u0130brahim Raisi d\u00fcn ak\u015fam telefonda i\u015fgal alt\u0131ndaki Filistin topraklar\u0131ndaki durumla ilgili geli\u015fmeleri g\u00f6r\u00fc\u015ft\u00fc. \u0130ki cumhurba\u015fkan\u0131, maruz kald\u0131klar\u0131 su\u00e7larla y\u00fczle\u015fmede Filistin halk\u0131n\u0131n yan\u0131nda yer alacaklar\u0131n\u0131, hakl\u0131 davalar\u0131n\u0131 savunma ve gasp edilen haklar\u0131n\u0131 geri kazanma konusundaki me\u015fru direni\u015flerini yineledi. Cumhurba\u015fkan\u0131 Esad, kan d\u00f6k\u00fclmesine Siyonist politikalar\u0131n neden oldu\u011funu belirtirken, &hellip;<\/p>\n","protected":false},"author":36,"featured_media":290000,"comment_status":"closed","ping_status":"closed","sticky":false,"template":"","format":"standard","meta":{"footnotes":""},"categories":[606,605,17988],"tags":[40116,40117],"class_list":["post-289999","post","type-post","status-publish","format-standard","has-post-thumbnail","","category-cumhurbaskani","category-sayin-cumhurbaskani","category-son-haberler","tag-cumhurbaskani-esad-ve-iran-cumhurbaskani","tag-isgal-altindaki-filistin-topraklarindaki-durumla-ilgili-gelismeleri-telefonda-gorustu"],"_links":{"self":[{"href":"https:\/\/archive.sana.sy\/tr\/index.php?rest_route=\/wp\/v2\/posts\/289999","targetHints":{"allow":["GET"]}}],"collection":[{"href":"https:\/\/archive.sana.sy\/tr\/index.php?rest_route=\/wp\/v2\/posts"}],"about":[{"href":"https:\/\/archive.sana.sy\/tr\/index.php?rest_route=\/wp\/v2\/types\/post"}],"author":[{"embeddable":true,"href":"https:\/\/archive.sana.sy\/tr\/index.php?rest_route=\/wp\/v2\/users\/36"}],"replies":[{"embeddable":true,"href":"https:\/\/archive.sana.sy\/tr\/index.php?rest_route=%2Fwp%2Fv2%2Fcomments&post=289999"}],"version-history":[{"count":3,"href":"https:\/\/archive.sana.sy\/tr\/index.php?rest_route=\/wp\/v2\/posts\/289999\/revisions"}],"predecessor-version":[{"id":290125,"href":"https:\/\/archive.sana.sy\/tr\/index.php?rest_route=\/wp\/v2\/posts\/289999\/revisions\/290125"}],"wp:featuredmedia":[{"embeddable":true,"href":"https:\/\/archive.sana.sy\/tr\/index.php?rest_route=\/wp\/v2\/media\/290000"}],"wp:attachment":[{"href":"https:\/\/archive.sana.sy\/tr\/index.php?rest_route=%2Fwp%2Fv2%2Fmedia&parent=289999"}],"wp:term":[{"taxonomy":"category","embeddable":true,"href":"https:\/\/archive.sana.sy\/tr\/index.php?rest_route=%2Fwp%2Fv2%2Fcategories&post=289999"},{"taxonomy":"post_tag","embeddable":true,"href":"https:\/\/archive.sana.sy\/tr\/index.php?rest_route=%2Fwp%2Fv2%2Ftags&post=289999"}],"curies":[{"name":"wp","href":"https:\/\/api.w.org\/{rel}","templated":true}]}}