{"id":290023,"date":"2023-10-12T16:00:12","date_gmt":"2023-10-12T13:00:12","guid":{"rendered":"https:\/\/sana.sy\/tr\/?p=290023"},"modified":"2023-10-14T09:11:42","modified_gmt":"2023-10-14T06:11:42","slug":"dusman-israilin-sam-ve-halep-havalimanlarina-yonelik-sadirganligi-bu-havalimanlarini-hizmet-disi-birakti","status":"publish","type":"post","link":"https:\/\/archive.sana.sy\/tr\/?p=290023","title":{"rendered":"D\u00fc\u015fman \u0130srail&#8217;in \u015eam Ve Halep Havalimanlar\u0131na Y\u00f6nelik Sad\u0131rganl\u0131\u011f\u0131 Bu Havalimanlar\u0131n\u0131 Hizmet D\u0131\u015f\u0131 B\u0131rakt\u0131"},"content":{"rendered":"<p style=\"text-align: justify;\"><strong>\u015eAM 12 EK\u0130M (SANA) &#8211;<\/strong> Bug\u00fcn D\u00fc\u015fman \u0130srail \u015eam ve Halep uluslararas\u0131 havalimanlar\u0131na f\u00fcze sald\u0131r\u0131s\u0131 d\u00fczenleyerek havalimanlar\u0131n\u0131n hizmet d\u0131\u015f\u0131 kalmas\u0131na neden oldu.<\/p>\n<p style=\"text-align: justify;\">Askeri bir kaynak SANA&#8217;ya yapt\u0131\u011f\u0131 a\u00e7\u0131klamada, &#8221;\u0130srail d\u00fc\u015fman\u0131 bu \u00f6\u011fleden sonra saat 13.50&#8217;de Halep ve \u015eam&#8217;daki uluslararas\u0131 havalimanlar\u0131n\u0131 hedef alan e\u015f zamanl\u0131 f\u00fcze sald\u0131r\u0131lar\u0131yla iki havaliman\u0131n\u0131n ini\u015f pistlerinin hasar g\u00f6rmesine ve hizmet d\u0131\u015f\u0131 kalmas\u0131na neden oldu&#8221; dedi.<\/p>\n<p style=\"text-align: justify;\">Kaynak ayr\u0131ca, &#8221;Bu sad\u0131rganl\u0131k, cani D\u00fc\u015fman \u0130srail&#8217;in, dikkatleri Gazze&#8217;de i\u015fledi\u011fi su\u00e7lardan ve Filistin direni\u015finin elinde u\u011frad\u0131\u011f\u0131 b\u00fcy\u00fck kay\u0131plardan ba\u015fka y\u00f6ne \u00e7ekmeye y\u00f6nelik umutsuz bir giri\u015fimi ve Suriye Arap Ordusu&#8217;nun \u00fclkenin kuzeyinde sava\u015ft\u0131\u011f\u0131 ve sava\u015fmaya devam edece\u011fi a\u015f\u0131r\u0131c\u0131 ter\u00f6rist gruplar\u0131 desteklemeye y\u00f6nelik s\u00fcregelen yakla\u015f\u0131m\u0131n bir par\u00e7as\u0131d\u0131r&#8221; dedi.<\/p>\n<p><a href=\"https:\/\/t.me\/SuriyeArapHaberAjansI\">Telegram Kanal\u0131m\u0131z\u00a0<\/a><\/p>\n<p><a href=\"https:\/\/www.facebook.com\/SANAHaberAjansi\/\">Facebook Sayfam\u0131z<\/a><\/p>\n<p><a href=\"https:\/\/twitter.com\/arap_ajans\">Twitter Hesab\u0131m\u0131z<\/a><\/p>\n","protected":false},"excerpt":{"rendered":"<p>\u015eAM 12 EK\u0130M (SANA) &#8211; Bug\u00fcn D\u00fc\u015fman \u0130srail \u015eam ve Halep uluslararas\u0131 havalimanlar\u0131na f\u00fcze sald\u0131r\u0131s\u0131 d\u00fczenleyerek havalimanlar\u0131n\u0131n hizmet d\u0131\u015f\u0131 kalmas\u0131na neden oldu. Askeri bir kaynak SANA&#8217;ya yapt\u0131\u011f\u0131 a\u00e7\u0131klamada, &#8221;\u0130srail d\u00fc\u015fman\u0131 bu \u00f6\u011fleden sonra saat 13.50&#8217;de Halep ve \u015eam&#8217;daki uluslararas\u0131 havalimanlar\u0131n\u0131 hedef alan e\u015f zamanl\u0131 f\u00fcze sald\u0131r\u0131lar\u0131yla iki havaliman\u0131n\u0131n ini\u015f pistlerinin hasar g\u00f6rmesine ve hizmet d\u0131\u015f\u0131 &hellip;<\/p>\n","protected":false},"author":1,"featured_media":290024,"comment_status":"closed","ping_status":"closed","sticky":false,"template":"","format":"standard","meta":{"footnotes":""},"categories":[479,575,17988,478],"tags":[40095,19043],"class_list":["post-290023","post","type-post","status-publish","format-standard","has-post-thumbnail","","category-haberler-yerel","category-olaylar-ve-gercekler","category-son-haberler","category-yerel","tag-dusman-israilin-sam-ve-halep-havalimanlarina-yonelik-sadirganligi-bu-havalimanlarini-hizmet-disi-birakti","tag-suriyede-son-durum"],"_links":{"self":[{"href":"https:\/\/archive.sana.sy\/tr\/index.php?rest_route=\/wp\/v2\/posts\/290023","targetHints":{"allow":["GET"]}}],"collection":[{"href":"https:\/\/archive.sana.sy\/tr\/index.php?rest_route=\/wp\/v2\/posts"}],"about":[{"href":"https:\/\/archive.sana.sy\/tr\/index.php?rest_route=\/wp\/v2\/types\/post"}],"author":[{"embeddable":true,"href":"https:\/\/archive.sana.sy\/tr\/index.php?rest_route=\/wp\/v2\/users\/1"}],"replies":[{"embeddable":true,"href":"https:\/\/archive.sana.sy\/tr\/index.php?rest_route=%2Fwp%2Fv2%2Fcomments&post=290023"}],"version-history":[{"count":3,"href":"https:\/\/archive.sana.sy\/tr\/index.php?rest_route=\/wp\/v2\/posts\/290023\/revisions"}],"predecessor-version":[{"id":290027,"href":"https:\/\/archive.sana.sy\/tr\/index.php?rest_route=\/wp\/v2\/posts\/290023\/revisions\/290027"}],"wp:featuredmedia":[{"embeddable":true,"href":"https:\/\/archive.sana.sy\/tr\/index.php?rest_route=\/wp\/v2\/media\/290024"}],"wp:attachment":[{"href":"https:\/\/archive.sana.sy\/tr\/index.php?rest_route=%2Fwp%2Fv2%2Fmedia&parent=290023"}],"wp:term":[{"taxonomy":"category","embeddable":true,"href":"https:\/\/archive.sana.sy\/tr\/index.php?rest_route=%2Fwp%2Fv2%2Fcategories&post=290023"},{"taxonomy":"post_tag","embeddable":true,"href":"https:\/\/archive.sana.sy\/tr\/index.php?rest_route=%2Fwp%2Fv2%2Ftags&post=290023"}],"curies":[{"name":"wp","href":"https:\/\/api.w.org\/{rel}","templated":true}]}}