{"id":29010,"date":"2015-04-08T13:46:42","date_gmt":"2015-04-08T10:46:42","guid":{"rendered":"http:\/\/www.sana.sy\/tr\/?p=29010"},"modified":"2015-04-08T16:21:36","modified_gmt":"2015-04-08T13:21:36","slug":"belarus-halkindan-suriye-halkina-insani-yardim","status":"publish","type":"post","link":"https:\/\/archive.sana.sy\/tr\/?p=29010","title":{"rendered":"Belarus Halk\u0131ndan Suriye Halk\u0131na \u0130nsani Yard\u0131m"},"content":{"rendered":"<p>\u015eAM \u2013 Belarus halk\u0131ndan Suriye halk\u0131na insani yard\u0131m ta\u015f\u0131yan Belarus u\u00e7a\u011f\u0131 bug\u00fcn sabah saatlerinde Uluslararas\u0131 \u015eam Havaliman\u0131na indi.<\/p>\n<p>U\u00e7akta muhtelif t\u00fcr g\u0131da ve t\u00fcketim maddelerinden olu\u015fan 40 ton insani yard\u0131m\u0131n bulundu\u011fu bildirildi.<\/p>\n<p><a href=\"http:\/\/www.sana.sy\/tr\/wp-content\/uploads\/2015\/04\/Belarus.jpg\"><img loading=\"lazy\" decoding=\"async\" class=\"aligncenter wp-image-29025 size-full\" src=\"http:\/\/www.sana.sy\/tr\/wp-content\/uploads\/2015\/04\/Belarus.jpg\" alt=\"Belarus\" width=\"620\" height=\"330\" srcset=\"https:\/\/archive.sana.sy\/tr\/wp-content\/uploads\/2015\/04\/Belarus.jpg 620w, https:\/\/archive.sana.sy\/tr\/wp-content\/uploads\/2015\/04\/Belarus-150x80.jpg 150w, https:\/\/archive.sana.sy\/tr\/wp-content\/uploads\/2015\/04\/Belarus-300x160.jpg 300w\" sizes=\"auto, (max-width: 620px) 100vw, 620px\" \/><\/a><\/p>\n<p>A.A. &#8211; R.H.<\/p>\n","protected":false},"excerpt":{"rendered":"<p>\u015eAM \u2013 Belarus halk\u0131ndan Suriye halk\u0131na insani yard\u0131m ta\u015f\u0131yan Belarus u\u00e7a\u011f\u0131 bug\u00fcn sabah saatlerinde Uluslararas\u0131 \u015eam Havaliman\u0131na indi. U\u00e7akta muhtelif t\u00fcr g\u0131da ve t\u00fcketim maddelerinden olu\u015fan 40 ton insani yard\u0131m\u0131n bulundu\u011fu bildirildi. A.A. &#8211; R.H.<\/p>\n","protected":false},"author":1,"featured_media":29024,"comment_status":"closed","ping_status":"closed","sticky":false,"template":"","format":"standard","meta":{"footnotes":""},"categories":[479,478],"tags":[13421],"class_list":["post-29010","post","type-post","status-publish","format-standard","has-post-thumbnail","","category-haberler-yerel","category-yerel","tag-belarus-halkindan-suriye-halkina-insani-yardim-sam-belarus-halkindan-suriye-halkina-insani-yardim-tasiyan-belarus-ucagi-bugun-sabah-saatlerinde-uluslararasi-sam-havalimanina-indi"],"_links":{"self":[{"href":"https:\/\/archive.sana.sy\/tr\/index.php?rest_route=\/wp\/v2\/posts\/29010","targetHints":{"allow":["GET"]}}],"collection":[{"href":"https:\/\/archive.sana.sy\/tr\/index.php?rest_route=\/wp\/v2\/posts"}],"about":[{"href":"https:\/\/archive.sana.sy\/tr\/index.php?rest_route=\/wp\/v2\/types\/post"}],"author":[{"embeddable":true,"href":"https:\/\/archive.sana.sy\/tr\/index.php?rest_route=\/wp\/v2\/users\/1"}],"replies":[{"embeddable":true,"href":"https:\/\/archive.sana.sy\/tr\/index.php?rest_route=%2Fwp%2Fv2%2Fcomments&post=29010"}],"version-history":[{"count":0,"href":"https:\/\/archive.sana.sy\/tr\/index.php?rest_route=\/wp\/v2\/posts\/29010\/revisions"}],"wp:featuredmedia":[{"embeddable":true,"href":"https:\/\/archive.sana.sy\/tr\/index.php?rest_route=\/wp\/v2\/media\/29024"}],"wp:attachment":[{"href":"https:\/\/archive.sana.sy\/tr\/index.php?rest_route=%2Fwp%2Fv2%2Fmedia&parent=29010"}],"wp:term":[{"taxonomy":"category","embeddable":true,"href":"https:\/\/archive.sana.sy\/tr\/index.php?rest_route=%2Fwp%2Fv2%2Fcategories&post=29010"},{"taxonomy":"post_tag","embeddable":true,"href":"https:\/\/archive.sana.sy\/tr\/index.php?rest_route=%2Fwp%2Fv2%2Ftags&post=29010"}],"curies":[{"name":"wp","href":"https:\/\/api.w.org\/{rel}","templated":true}]}}