{"id":290136,"date":"2023-10-14T16:22:35","date_gmt":"2023-10-14T13:22:35","guid":{"rendered":"https:\/\/sana.sy\/tr\/?p=290136"},"modified":"2023-10-14T16:38:06","modified_gmt":"2023-10-14T13:38:06","slug":"filistin-direnisi-gazze-seridindeki-katliamlara-tepki-olarak-isgal-altindaki-askelon-sehrini-sderot-yerlesimini-ve-isgalin-zikim-askeri-tesisini-fuze-bombardimaniyla-hedef-aldi","status":"publish","type":"post","link":"https:\/\/archive.sana.sy\/tr\/?p=290136","title":{"rendered":"Filistin direni\u015fi, Gazze \u015eeridi&#8217;ndeki katliamlara tepki olarak i\u015fgal alt\u0131ndaki A\u015fkelon \u015fehrini, Sderot yerle\u015fimini ve i\u015fgalin Zikim askeri tesisini f\u00fcze bombard\u0131man\u0131yla hedef ald\u0131"},"content":{"rendered":"","protected":false},"excerpt":{"rendered":"","protected":false},"author":41,"featured_media":0,"comment_status":"closed","ping_status":"closed","sticky":false,"template":"","format":"standard","meta":{"footnotes":""},"categories":[1],"tags":[],"class_list":["post-290136","post","type-post","status-publish","format-standard","","category-news-not-sorted"],"_links":{"self":[{"href":"https:\/\/archive.sana.sy\/tr\/index.php?rest_route=\/wp\/v2\/posts\/290136","targetHints":{"allow":["GET"]}}],"collection":[{"href":"https:\/\/archive.sana.sy\/tr\/index.php?rest_route=\/wp\/v2\/posts"}],"about":[{"href":"https:\/\/archive.sana.sy\/tr\/index.php?rest_route=\/wp\/v2\/types\/post"}],"author":[{"embeddable":true,"href":"https:\/\/archive.sana.sy\/tr\/index.php?rest_route=\/wp\/v2\/users\/41"}],"replies":[{"embeddable":true,"href":"https:\/\/archive.sana.sy\/tr\/index.php?rest_route=%2Fwp%2Fv2%2Fcomments&post=290136"}],"version-history":[{"count":1,"href":"https:\/\/archive.sana.sy\/tr\/index.php?rest_route=\/wp\/v2\/posts\/290136\/revisions"}],"predecessor-version":[{"id":290137,"href":"https:\/\/archive.sana.sy\/tr\/index.php?rest_route=\/wp\/v2\/posts\/290136\/revisions\/290137"}],"wp:attachment":[{"href":"https:\/\/archive.sana.sy\/tr\/index.php?rest_route=%2Fwp%2Fv2%2Fmedia&parent=290136"}],"wp:term":[{"taxonomy":"category","embeddable":true,"href":"https:\/\/archive.sana.sy\/tr\/index.php?rest_route=%2Fwp%2Fv2%2Fcategories&post=290136"},{"taxonomy":"post_tag","embeddable":true,"href":"https:\/\/archive.sana.sy\/tr\/index.php?rest_route=%2Fwp%2Fv2%2Ftags&post=290136"}],"curies":[{"name":"wp","href":"https:\/\/api.w.org\/{rel}","templated":true}]}}