{"id":290149,"date":"2023-10-14T23:17:56","date_gmt":"2023-10-14T20:17:56","guid":{"rendered":"https:\/\/sana.sy\/tr\/?p=290149"},"modified":"2023-10-16T10:37:25","modified_gmt":"2023-10-16T07:37:25","slug":"dusman-israilin-halep-uluslararasi-havalimanina-yonelik-saldirganligi-havalimanini-yeniden-hizmet-disi-birakti","status":"publish","type":"post","link":"https:\/\/archive.sana.sy\/tr\/?p=290149","title":{"rendered":"D\u00fc\u015fman \u0130srail&#8217;in Halep Uluslararas\u0131 Havaliman\u0131&#8217;na Y\u00f6nelik Sald\u0131rganl\u0131\u011f\u0131 Havaliman\u0131n\u0131 Yeniden Hizmet D\u0131\u015f\u0131 B\u0131rakt\u0131"},"content":{"rendered":"<p style=\"text-align: justify;\"><strong>\u015eAM 14 EK\u0130M (SANA)<\/strong> \u2013 Bug\u00fcn d\u00fc\u015fman \u0130srail Halep Uluslararas\u0131 Havaliman\u0131&#8217;na hava sald\u0131r\u0131s\u0131 d\u00fczenledi ve havaliman\u0131 hizmet d\u0131\u015f\u0131 kald\u0131.<\/p>\n<p style=\"text-align: justify;\">Askeri bir kaynak, bug\u00fcn bir n\u00fcshas\u0131 SANA&#8217;ya ula\u015fan a\u00e7\u0131klamada, &#8221;14 Ekim 2023 Cumartesi g\u00fcn\u00fc saat 23.35 s\u0131ralar\u0131nda d\u00fc\u015fman \u0130srail, Lazkiye&#8217;nin bat\u0131s\u0131nda Akdeniz y\u00f6n\u00fcnden Halep Uluslararas\u0131 Havaliman\u0131&#8217;n\u0131 hedef alan bir hava sald\u0131rganl\u0131\u011f\u0131 d\u00fczenledi. Bu durum havaliman\u0131nda maddi hasara ve hizmet d\u0131\u015f\u0131 kalmas\u0131na neden oldu&#8221; dedi.<\/p>\n<p style=\"text-align: justify;\">Kaynak ayr\u0131ca, &#8221;Bu yeni sald\u0131rganl\u0131k, \u0130srail i\u015fgalci varl\u0131\u011f\u0131n\u0131n, bug\u00fcn Filistin halk\u0131na kar\u015f\u0131 devam eden su\u00e7lar\u0131nda ve aralar\u0131nda kad\u0131nlar ve \u00e7ocuklar\u0131n da bulundu\u011fu masum sivillere kar\u015f\u0131 i\u015fledi\u011fi katliamlarda a\u00e7\u0131k\u00e7a somutla\u015fan canice yakla\u015f\u0131m\u0131n\u0131n bir teyididir. Bu ter\u00f6rist d\u00fc\u015fman\u0131n uluslararas\u0131 hukuk ve normlara sayg\u0131 g\u00f6stermedi\u011finin de a\u00e7\u0131k bir delilidir. Ayr\u0131ca, sivil havalimanlar\u0131na sald\u0131rarak ter\u00f6r\u00fcn kayna\u011f\u0131 oldu\u011funu, b\u00f6lgedeki ve \u00f6zellikle Suriye&#8217;deki ter\u00f6r \u00f6rg\u00fctlerinin en b\u00fcy\u00fck destek\u00e7isi oldu\u011funu kan\u0131tl\u0131yor&#8221; ifadelerini a\u00e7\u0131klamalar\u0131na ekledi.<\/p>\n<p style=\"text-align: justify;\"><a href=\"https:\/\/t.me\/SuriyeArapHaberAjansI\">Telegram Kanal\u0131m\u0131z\u00a0<\/a><\/p>\n<p style=\"text-align: justify;\"><a href=\"https:\/\/www.facebook.com\/SANAHaberAjansi\/\">Facebook Sayfam\u0131z<\/a><\/p>\n<p style=\"text-align: justify;\"><a href=\"https:\/\/twitter.com\/arap_ajans\">Twitter Hesab\u0131m\u0131z<\/a><\/p>\n","protected":false},"excerpt":{"rendered":"<p>\u015eAM 14 EK\u0130M (SANA) \u2013 Bug\u00fcn d\u00fc\u015fman \u0130srail Halep Uluslararas\u0131 Havaliman\u0131&#8217;na hava sald\u0131r\u0131s\u0131 d\u00fczenledi ve havaliman\u0131 hizmet d\u0131\u015f\u0131 kald\u0131. Askeri bir kaynak, bug\u00fcn bir n\u00fcshas\u0131 SANA&#8217;ya ula\u015fan a\u00e7\u0131klamada, &#8221;14 Ekim 2023 Cumartesi g\u00fcn\u00fc saat 23.35 s\u0131ralar\u0131nda d\u00fc\u015fman \u0130srail, Lazkiye&#8217;nin bat\u0131s\u0131nda Akdeniz y\u00f6n\u00fcnden Halep Uluslararas\u0131 Havaliman\u0131&#8217;n\u0131 hedef alan bir hava sald\u0131rganl\u0131\u011f\u0131 d\u00fczenledi. Bu durum havaliman\u0131nda maddi &hellip;<\/p>\n","protected":false},"author":39,"featured_media":290150,"comment_status":"closed","ping_status":"closed","sticky":false,"template":"","format":"standard","meta":{"footnotes":""},"categories":[479,575,17988,478],"tags":[40128],"class_list":["post-290149","post","type-post","status-publish","format-standard","has-post-thumbnail","","category-haberler-yerel","category-olaylar-ve-gercekler","category-son-haberler","category-yerel","tag-dusman-israilin-halep-uluslararasi-havalimanina-yonelik-saldirganligi-havalimanini-yeniden-hizmet-disi-birakti"],"_links":{"self":[{"href":"https:\/\/archive.sana.sy\/tr\/index.php?rest_route=\/wp\/v2\/posts\/290149","targetHints":{"allow":["GET"]}}],"collection":[{"href":"https:\/\/archive.sana.sy\/tr\/index.php?rest_route=\/wp\/v2\/posts"}],"about":[{"href":"https:\/\/archive.sana.sy\/tr\/index.php?rest_route=\/wp\/v2\/types\/post"}],"author":[{"embeddable":true,"href":"https:\/\/archive.sana.sy\/tr\/index.php?rest_route=\/wp\/v2\/users\/39"}],"replies":[{"embeddable":true,"href":"https:\/\/archive.sana.sy\/tr\/index.php?rest_route=%2Fwp%2Fv2%2Fcomments&post=290149"}],"version-history":[{"count":3,"href":"https:\/\/archive.sana.sy\/tr\/index.php?rest_route=\/wp\/v2\/posts\/290149\/revisions"}],"predecessor-version":[{"id":290233,"href":"https:\/\/archive.sana.sy\/tr\/index.php?rest_route=\/wp\/v2\/posts\/290149\/revisions\/290233"}],"wp:featuredmedia":[{"embeddable":true,"href":"https:\/\/archive.sana.sy\/tr\/index.php?rest_route=\/wp\/v2\/media\/290150"}],"wp:attachment":[{"href":"https:\/\/archive.sana.sy\/tr\/index.php?rest_route=%2Fwp%2Fv2%2Fmedia&parent=290149"}],"wp:term":[{"taxonomy":"category","embeddable":true,"href":"https:\/\/archive.sana.sy\/tr\/index.php?rest_route=%2Fwp%2Fv2%2Fcategories&post=290149"},{"taxonomy":"post_tag","embeddable":true,"href":"https:\/\/archive.sana.sy\/tr\/index.php?rest_route=%2Fwp%2Fv2%2Ftags&post=290149"}],"curies":[{"name":"wp","href":"https:\/\/api.w.org\/{rel}","templated":true}]}}