{"id":290157,"date":"2023-10-15T10:46:47","date_gmt":"2023-10-15T07:46:47","guid":{"rendered":"https:\/\/sana.sy\/tr\/?p=290157"},"modified":"2023-10-16T10:37:07","modified_gmt":"2023-10-16T07:37:07","slug":"cin-israilin-gazzeye-yonelik-saldirilarini-kinadi-ve-ateskes-cagrisinda-bulundu","status":"publish","type":"post","link":"https:\/\/archive.sana.sy\/tr\/?p=290157","title":{"rendered":"\u00c7in, \u0130srail&#8217;in Gazze&#8217;ye Y\u00f6nelik Sald\u0131r\u0131lar\u0131n\u0131 K\u0131nad\u0131 Ve Ate\u015fkes \u00c7a\u011fr\u0131s\u0131nda Bulundu"},"content":{"rendered":"<p style=\"text-align: justify;\"><strong>PEK\u0130N 15 Ekim (SANA)<\/strong> \u2013 \u00c7in, \u0130srail&#8217;in Gazze \u015eeridi&#8217;ndeki Filistin halk\u0131na y\u00f6nelik t\u00fcm uygulamalar\u0131n\u0131, insan vicdan\u0131n\u0131 ve uluslararas\u0131 ili\u015fkilerin temel normlar\u0131n\u0131 ihlal etti\u011fi gerek\u00e7esiyle k\u0131nad\u0131\u011f\u0131n\u0131 ve bunlara g\u00fc\u00e7l\u00fc bir \u015fekilde kar\u015f\u0131 \u00e7\u0131kt\u0131\u011f\u0131n\u0131 ifade etti.<\/p>\n<p style=\"text-align: justify;\">Xinhua Ajans\u0131&#8217;n\u0131n haberine g\u00f6re, D\u0131\u015fi\u015fleri Bakan\u0131 Wang Yi, Suudi D\u0131\u015fi\u015fleri Bakan\u0131 Prens Faysel bin Farhan El Saud ile Filistin&#8217;deki son geli\u015fmelere ili\u015fkin yapt\u0131\u011f\u0131 telefon g\u00f6r\u00fc\u015fmesinde, durumu sakinle\u015ftirmek i\u00e7in bir an \u00f6nce m\u00fczakere masas\u0131na d\u00f6nme ihtiyac\u0131na i\u015faret etti.<\/p>\n<p style=\"text-align: justify;\">Wang, &#8220;\u00c7in, insan vicdan\u0131n\u0131 ve uluslararas\u0131 ili\u015fkilerin temel normlar\u0131n\u0131 ihlal etti\u011fi i\u00e7in sivillere zarar veren t\u00fcm eylemlere kar\u015f\u0131 \u00e7\u0131k\u0131yor ve bunlar\u0131 k\u0131n\u0131yor&#8221; dedi, \u00c7in&#8217;in ate\u015fkes i\u00e7in bask\u0131 yapmak amac\u0131yla t\u00fcm taraflarla yo\u011fun temaslarda bulundu\u011funu vurgulayarak, en \u00f6nemli ama\u00e7lar\u0131n\u0131n sivillerin g\u00fcvenli\u011finin sa\u011flanmas\u0131, yard\u0131mlar\u0131n en h\u0131zl\u0131 \u015fekilde ula\u015ft\u0131r\u0131lmas\u0131 i\u00e7in insani ge\u00e7i\u015flerin a\u00e7\u0131lmas\u0131 ve Gazze halk\u0131n\u0131n temel ihtiya\u00e7lar\u0131n\u0131n korunmas\u0131 oldu\u011funa dikkat \u00e7ekti.<\/p>\n<p style=\"text-align: justify;\">Wang, &#8220;\u00c7in, Filistinlilerin ulusal haklar\u0131n\u0131 geri kazanmalar\u0131 ve Filistin meselesini tekrar do\u011fru yola sokmalar\u0131 y\u00f6n\u00fcndeki hakl\u0131 davay\u0131 desteklemeye devam etmek i\u00e7in Suudi Arabistan ve di\u011fer Arap \u00fclkeleriyle birlikte \u00e7al\u0131\u015fmaya haz\u0131rd\u0131r&#8221; ifadelerini kaydetti.<\/p>\n<p><a href=\"https:\/\/t.me\/SuriyeArapHaberAjansI\">Telegram Kanal\u0131m\u0131z\u00a0<\/a><\/p>\n<p><a href=\"https:\/\/www.facebook.com\/SANAHaberAjansi\/\">Facebook Sayfam\u0131z<\/a><\/p>\n<p><a href=\"https:\/\/twitter.com\/arap_ajans\">Twitter Hesab\u0131m\u0131z<\/a><\/p>\n","protected":false},"excerpt":{"rendered":"<p>PEK\u0130N 15 Ekim (SANA) \u2013 \u00c7in, \u0130srail&#8217;in Gazze \u015eeridi&#8217;ndeki Filistin halk\u0131na y\u00f6nelik t\u00fcm uygulamalar\u0131n\u0131, insan vicdan\u0131n\u0131 ve uluslararas\u0131 ili\u015fkilerin temel normlar\u0131n\u0131 ihlal etti\u011fi gerek\u00e7esiyle k\u0131nad\u0131\u011f\u0131n\u0131 ve bunlara g\u00fc\u00e7l\u00fc bir \u015fekilde kar\u015f\u0131 \u00e7\u0131kt\u0131\u011f\u0131n\u0131 ifade etti. Xinhua Ajans\u0131&#8217;n\u0131n haberine g\u00f6re, D\u0131\u015fi\u015fleri Bakan\u0131 Wang Yi, Suudi D\u0131\u015fi\u015fleri Bakan\u0131 Prens Faysel bin Farhan El Saud ile Filistin&#8217;deki son geli\u015fmelere &hellip;<\/p>\n","protected":false},"author":39,"featured_media":290158,"comment_status":"closed","ping_status":"closed","sticky":false,"template":"","format":"standard","meta":{"footnotes":""},"categories":[458,459,17988],"tags":[],"class_list":["post-290157","post","type-post","status-publish","format-standard","has-post-thumbnail","","category-dunya1","category-haberler-arap-uluslararasi-politika","category-son-haberler"],"_links":{"self":[{"href":"https:\/\/archive.sana.sy\/tr\/index.php?rest_route=\/wp\/v2\/posts\/290157","targetHints":{"allow":["GET"]}}],"collection":[{"href":"https:\/\/archive.sana.sy\/tr\/index.php?rest_route=\/wp\/v2\/posts"}],"about":[{"href":"https:\/\/archive.sana.sy\/tr\/index.php?rest_route=\/wp\/v2\/types\/post"}],"author":[{"embeddable":true,"href":"https:\/\/archive.sana.sy\/tr\/index.php?rest_route=\/wp\/v2\/users\/39"}],"replies":[{"embeddable":true,"href":"https:\/\/archive.sana.sy\/tr\/index.php?rest_route=%2Fwp%2Fv2%2Fcomments&post=290157"}],"version-history":[{"count":3,"href":"https:\/\/archive.sana.sy\/tr\/index.php?rest_route=\/wp\/v2\/posts\/290157\/revisions"}],"predecessor-version":[{"id":290161,"href":"https:\/\/archive.sana.sy\/tr\/index.php?rest_route=\/wp\/v2\/posts\/290157\/revisions\/290161"}],"wp:featuredmedia":[{"embeddable":true,"href":"https:\/\/archive.sana.sy\/tr\/index.php?rest_route=\/wp\/v2\/media\/290158"}],"wp:attachment":[{"href":"https:\/\/archive.sana.sy\/tr\/index.php?rest_route=%2Fwp%2Fv2%2Fmedia&parent=290157"}],"wp:term":[{"taxonomy":"category","embeddable":true,"href":"https:\/\/archive.sana.sy\/tr\/index.php?rest_route=%2Fwp%2Fv2%2Fcategories&post=290157"},{"taxonomy":"post_tag","embeddable":true,"href":"https:\/\/archive.sana.sy\/tr\/index.php?rest_route=%2Fwp%2Fv2%2Ftags&post=290157"}],"curies":[{"name":"wp","href":"https:\/\/api.w.org\/{rel}","templated":true}]}}