{"id":290162,"date":"2023-10-15T10:50:01","date_gmt":"2023-10-15T07:50:01","guid":{"rendered":"https:\/\/sana.sy\/tr\/?p=290162"},"modified":"2023-10-16T10:37:11","modified_gmt":"2023-10-16T07:37:11","slug":"filistin-direnisine-ve-aksa-tufanina-destek-amaciyla-dera-halki-icin-dayanisma-durusu","status":"publish","type":"post","link":"https:\/\/archive.sana.sy\/tr\/?p=290162","title":{"rendered":"Filistin Direni\u015fine Ve Aksa Tufan\u0131&#8217;na Destek Amac\u0131yla Dera Halk\u0131 \u0130\u00e7in Dayan\u0131\u015fma Duru\u015fu"},"content":{"rendered":"<p style=\"text-align: justify;\"><strong>DERA <\/strong><strong>15 EK\u0130M (SANA)<\/strong> &#8211; \u00a0Dera halk\u0131, Siyonist sald\u0131rganl\u0131\u011fa kar\u015f\u0131 Filistin direni\u015fine ve Aksa Tufan\u0131&#8217;na destek amac\u0131yla kent merkezindeki Ti\u015frin Meydan\u0131&#8217;nda halk ve resmi kat\u0131l\u0131mla dayan\u0131\u015fma duru\u015fu d\u00fczenledi.<\/p>\n<p><a href=\"https:\/\/t.me\/SuriyeArapHaberAjansI\">Telegram Kanal\u0131m\u0131z\u00a0<\/a><\/p>\n<p><a href=\"https:\/\/www.facebook.com\/SANAHaberAjansi\/\">Facebook Sayfam\u0131z<\/a><\/p>\n<p><a href=\"https:\/\/twitter.com\/arap_ajans\">Twitter Hesab\u0131m\u0131z<\/a><\/p>\n","protected":false},"excerpt":{"rendered":"<p>DERA 15 EK\u0130M (SANA) &#8211; \u00a0Dera halk\u0131, Siyonist sald\u0131rganl\u0131\u011fa kar\u015f\u0131 Filistin direni\u015fine ve Aksa Tufan\u0131&#8217;na destek amac\u0131yla kent merkezindeki Ti\u015frin Meydan\u0131&#8217;nda halk ve resmi kat\u0131l\u0131mla dayan\u0131\u015fma duru\u015fu d\u00fczenledi. Telegram Kanal\u0131m\u0131z\u00a0 Facebook Sayfam\u0131z Twitter Hesab\u0131m\u0131z<\/p>\n","protected":false},"author":39,"featured_media":290163,"comment_status":"closed","ping_status":"closed","sticky":false,"template":"","format":"standard","meta":{"footnotes":""},"categories":[479,17988,478],"tags":[],"class_list":["post-290162","post","type-post","status-publish","format-standard","has-post-thumbnail","","category-haberler-yerel","category-son-haberler","category-yerel"],"_links":{"self":[{"href":"https:\/\/archive.sana.sy\/tr\/index.php?rest_route=\/wp\/v2\/posts\/290162","targetHints":{"allow":["GET"]}}],"collection":[{"href":"https:\/\/archive.sana.sy\/tr\/index.php?rest_route=\/wp\/v2\/posts"}],"about":[{"href":"https:\/\/archive.sana.sy\/tr\/index.php?rest_route=\/wp\/v2\/types\/post"}],"author":[{"embeddable":true,"href":"https:\/\/archive.sana.sy\/tr\/index.php?rest_route=\/wp\/v2\/users\/39"}],"replies":[{"embeddable":true,"href":"https:\/\/archive.sana.sy\/tr\/index.php?rest_route=%2Fwp%2Fv2%2Fcomments&post=290162"}],"version-history":[{"count":1,"href":"https:\/\/archive.sana.sy\/tr\/index.php?rest_route=\/wp\/v2\/posts\/290162\/revisions"}],"predecessor-version":[{"id":290164,"href":"https:\/\/archive.sana.sy\/tr\/index.php?rest_route=\/wp\/v2\/posts\/290162\/revisions\/290164"}],"wp:featuredmedia":[{"embeddable":true,"href":"https:\/\/archive.sana.sy\/tr\/index.php?rest_route=\/wp\/v2\/media\/290163"}],"wp:attachment":[{"href":"https:\/\/archive.sana.sy\/tr\/index.php?rest_route=%2Fwp%2Fv2%2Fmedia&parent=290162"}],"wp:term":[{"taxonomy":"category","embeddable":true,"href":"https:\/\/archive.sana.sy\/tr\/index.php?rest_route=%2Fwp%2Fv2%2Fcategories&post=290162"},{"taxonomy":"post_tag","embeddable":true,"href":"https:\/\/archive.sana.sy\/tr\/index.php?rest_route=%2Fwp%2Fv2%2Ftags&post=290162"}],"curies":[{"name":"wp","href":"https:\/\/api.w.org\/{rel}","templated":true}]}}